{"id":4368,"date":"2025-02-10T11:43:02","date_gmt":"2025-02-10T10:43:02","guid":{"rendered":"https:\/\/macustica.com\/?p=4368"},"modified":"2025-01-22T11:46:05","modified_gmt":"2025-01-22T10:46:05","slug":"integracio-del-disseny-acustic-a-larquitectura-moderna","status":"publish","type":"post","link":"https:\/\/macustica.com\/ca\/integracio-del-disseny-acustic-a-larquitectura-moderna\/","title":{"rendered":"Integraci\u00f3 del Disseny Ac\u00fastic a l&#8217;Arquitectura Moderna"},"content":{"rendered":"<p>A mesura que augmenta la demanda de disseny \u00fanic i innovador a l&#8217;arquitectura moderna, tamb\u00e9 ho fa la necessitat de disseny ac\u00fastic integrat. El disseny ac\u00fastic \u00e9s l\u2019estudi cient\u00edfic del tractament del so als espais interiors per garantir un entorn auditiu \u00f2ptim, confortable i agradable.<\/p>\n<p>Incorporar el disseny ac\u00fastic a l\u2019arquitectura moderna \u00e9s crucial perqu\u00e8 els diferents entorns tenen diversos requisits ac\u00fastics. Aquesta integraci\u00f3 pot crear espais millors i m\u00e9s eficients, que siguin ac\u00fasticament confortables, estalvi\u00efn energia i sonin b\u00e9.<\/p>\n<p>&nbsp;<\/p>\n<h2>Per qu\u00e8 \u00e9s important el disseny ac\u00fastic per a l\u2019arquitectura moderna?<\/h2>\n<p>El disseny ac\u00fastic pot ser benefici\u00f3s de moltes maneres. Pot ajudar a gestionar el soroll a les zones urbanes, augmentar la productivitat dels treballadors, crear una experi\u00e8ncia personalitzada en centres comercials i restaurants, eliminar les mol\u00e8sties de les zones grans i ressonants, i ajudar a millorar la qualitat del so a cinemes i teatres de m\u00fasica i cinema.<\/p>\n<p>A m\u00e9s, dissenyar per a l&#8217;ac\u00fastica \u00e9s tamb\u00e9 una q\u00fcesti\u00f3 d&#8217;estalvi energ\u00e8tic i econ\u00f2mic. Un bon disseny ac\u00fastic reduir\u00e0 la quantitat de so que surt de l&#8217;espai i s&#8217;envia al medi ambient, per tant ser\u00e0 m\u00e9s f\u00e0cil mantenir una temperatura confortable a l&#8217;interior. Aix\u00f2 disminueix el consum total d\u2019energia i el fa m\u00e9s respectu\u00f3s amb el medi ambient a llarg termini.<\/p>\n<p>Amb la tend\u00e8ncia actual dels espais d\u2019oficina di\u00e0fans i l\u2019augment de la construcci\u00f3 de locals multiusos, el disseny ac\u00fastic eficient \u00e9s cada vegada m\u00e9s important. Aquests espais han de ser capa\u00e7os d&#8217;acomodar una varietat d&#8217;activitats i, alhora, ser confortables i funcionals.<\/p>\n<p>&nbsp;<\/p>\n<h2>Com integrar el disseny ac\u00fastic a l&#8217;arquitectura moderna<\/h2>\n<p>Per integrar amb \u00e8xit el disseny ac\u00fastic a l&#8217;arquitectura moderna, els dissenyadors han d&#8217;abordar diverses \u00e0rees clau. En primer lloc, han de tenir en compte el tipus d\u2019espai i quins s\u00f3n els objectius ac\u00fastics espec\u00edfics del mateix. Aix\u00f2 es pot determinar fent una an\u00e0lisi ac\u00fastic en les primeres etapes del proc\u00e9s de disseny.<\/p>\n<p>El pas seg\u00fcent \u00e9s seleccionar els materials i les t\u00e8cniques de construcci\u00f3 apropiats. Un bon disseny ac\u00fastic pot reduir l&#8217;energia d&#8217;un so en un 40-60%, i aix\u00f2 dep\u00e8n en gran mesura dels tipus de materials utilitzats, aix\u00ed com del nombre de capes d&#8217;a\u00efllament emprades.<\/p>\n<p>Per aconseguir la major flexibilitat de disseny i una est\u00e8tica m\u00e9s agradable, es recomana utilitzar materials absorbents del so, ja que poden continuar sent lleugers i est\u00e8ticament agradables sense sacrificar la qualitat del so.<\/p>\n<p>Per acabar, \u00e9s important que s&#8217;utilitzi un bon disseny d&#8217;il\u00b7luminaci\u00f3 per crear entorns ac\u00fastics agradables. L&#8217;o\u00efda humana \u00e9s m\u00e9s sensible en el rang de 1 kHz a 4 kHz, i \u00e9s important assegurar-se que la il\u00b7luminaci\u00f3 no augmenta el volum inadvertidament en aquests rangs.<\/p>\n<p>Per satisfer les necessitats sempre canviants de l\u2019arquitectura moderna, \u00e9s essencial adoptar enfocaments de disseny nous i innovadors. El disseny ac\u00fastic \u00e9s una eina poderosa que pot ajudar a assolir-ho, creant espais ac\u00fasticament confortables, respectuosos amb el medi ambient i est\u00e8ticament agradables.<\/p>\n<p>Incorporar el disseny ac\u00fastic a l&#8217;arquitectura moderna requereix que el dissenyador pari atenci\u00f3 a les necessitats ac\u00fastiques espec\u00edfiques de l&#8217;espai, seleccioneu els materials adequats, utilitzeu bons principis de disseny de la il\u00b7luminaci\u00f3 i feu una an\u00e0lisi ac\u00fastic de l&#8217;espai en les primeres etapes del proc\u00e9s de disseny .<\/p>\n<p>D&#8217;aquesta manera, els dissenyadors poden crear espais que siguin alhora funcionals i confortables, reduint l&#8217;impacte del soroll als usuaris i al medi ambient. El resultat \u00e9s una soluci\u00f3 de disseny m\u00e9s eficient i sostenible que es mant\u00e9 al dia amb les exig\u00e8ncies de l\u2019arquitectura moderna.<\/p>\n","protected":false},"excerpt":{"rendered":"<p>A mesura que augmenta la demanda de disseny \u00fanic i innovador a l&#8217;arquitectura moderna, tamb\u00e9 ho fa la necessitat de disseny ac\u00fastic integrat. El disseny ac\u00fastic \u00e9s l\u2019estudi cient\u00edfic del tractament del so als espais interiors per garantir un entorn auditiu \u00f2ptim, confortable i agradable. Incorporar el disseny ac\u00fastic a l\u2019arquitectura moderna \u00e9s crucial perqu\u00e8 [&hellip;]<\/p>\n","protected":false},"author":2,"featured_media":4364,"comment_status":"open","ping_status":"open","sticky":false,"template":"","format":"standard","meta":{"site-sidebar-layout":"default","site-content-layout":"","ast-site-content-layout":"default","site-content-style":"default","site-sidebar-style":"default","ast-global-header-display":"","ast-banner-title-visibility":"","ast-main-header-display":"","ast-hfb-above-header-display":"","ast-hfb-below-header-display":"","ast-hfb-mobile-header-display":"","site-post-title":"","ast-breadcrumbs-content":"","ast-featured-img":"","footer-sml-layout":"","theme-transparent-header-meta":"default","adv-header-id-meta":"","stick-header-meta":"default","header-above-stick-meta":"","header-main-stick-meta":"","header-below-stick-meta":"","astra-migrate-meta-layouts":"set","ast-page-background-enabled":"default","ast-page-background-meta":{"desktop":{"background-color":"","background-image":"","background-repeat":"repeat","background-position":"center center","background-size":"auto","background-attachment":"scroll","background-type":"","background-media":"","overlay-type":"","overlay-color":"","overlay-opacity":"","overlay-gradient":""},"tablet":{"background-color":"","background-image":"","background-repeat":"repeat","background-position":"center center","background-size":"auto","background-attachment":"scroll","background-type":"","background-media":"","overlay-type":"","overlay-color":"","overlay-opacity":"","overlay-gradient":""},"mobile":{"background-color":"","background-image":"","background-repeat":"repeat","background-position":"center center","background-size":"auto","background-attachment":"scroll","background-type":"","background-media":"","overlay-type":"","overlay-color":"","overlay-opacity":"","overlay-gradient":""}},"ast-content-background-meta":{"desktop":{"background-color":"var(--ast-global-color-5)","background-image":"","background-repeat":"repeat","background-position":"center center","background-size":"auto","background-attachment":"scroll","background-type":"","background-media":"","overlay-type":"","overlay-color":"","overlay-opacity":"","overlay-gradient":""},"tablet":{"background-color":"var(--ast-global-color-5)","background-image":"","background-repeat":"repeat","background-position":"center center","background-size":"auto","background-attachment":"scroll","background-type":"","background-media":"","overlay-type":"","overlay-color":"","overlay-opacity":"","overlay-gradient":""},"mobile":{"background-color":"var(--ast-global-color-5)","background-image":"","background-repeat":"repeat","background-position":"center center","background-size":"auto","background-attachment":"scroll","background-type":"","background-media":"","overlay-type":"","overlay-color":"","overlay-opacity":"","overlay-gradient":""}},"footnotes":""},"categories":[156],"tags":[161,159,162],"class_list":["post-4368","post","type-post","status-publish","format-standard","has-post-thumbnail","hentry","category-condicionament","tag-condicionament-acustic","tag-macustica-ca","tag-macusticaingenieria-ca"],"yoast_head":"<!-- This site is optimized with the Yoast SEO plugin v26.4 - https:\/\/yoast.com\/wordpress\/plugins\/seo\/ -->\n<title>Integraci\u00f3 del Disseny Ac\u00fastic a l&#039;Arquitectura Moderna - Macustica<\/title>\n<meta name=\"robots\" content=\"index, follow, max-snippet:-1, max-image-preview:large, max-video-preview:-1\" \/>\n<link rel=\"canonical\" href=\"https:\/\/macustica.com\/ca\/integracio-del-disseny-acustic-a-larquitectura-moderna\/\" \/>\n<meta property=\"og:locale\" content=\"ca_ES\" \/>\n<meta property=\"og:type\" content=\"article\" \/>\n<meta property=\"og:title\" content=\"Integraci\u00f3 del Disseny Ac\u00fastic a l&#039;Arquitectura Moderna - Macustica\" \/>\n<meta property=\"og:description\" content=\"A mesura que augmenta la demanda de disseny \u00fanic i innovador a l&#8217;arquitectura moderna, tamb\u00e9 ho fa la necessitat de disseny ac\u00fastic integrat. El disseny ac\u00fastic \u00e9s l\u2019estudi cient\u00edfic del tractament del so als espais interiors per garantir un entorn auditiu \u00f2ptim, confortable i agradable. Incorporar el disseny ac\u00fastic a l\u2019arquitectura moderna \u00e9s crucial perqu\u00e8 [&hellip;]\" \/>\n<meta property=\"og:url\" content=\"https:\/\/macustica.com\/ca\/integracio-del-disseny-acustic-a-larquitectura-moderna\/\" \/>\n<meta property=\"og:site_name\" content=\"Macustica\" \/>\n<meta property=\"article:publisher\" content=\"https:\/\/www.facebook.com\/macusticaingenieria\/?ref=bookmarks\" \/>\n<meta property=\"article:published_time\" content=\"2025-02-10T10:43:02+00:00\" \/>\n<meta property=\"og:image\" content=\"https:\/\/macustica.com\/wp-content\/uploads\/2025\/01\/1-MACUSTICA.jpg\" \/>\n\t<meta property=\"og:image:width\" content=\"940\" \/>\n\t<meta property=\"og:image:height\" content=\"788\" \/>\n\t<meta property=\"og:image:type\" content=\"image\/jpeg\" \/>\n<meta name=\"author\" content=\"Macustica\" \/>\n<meta name=\"twitter:card\" content=\"summary_large_image\" \/>\n<meta name=\"twitter:creator\" content=\"@m_acustica\" \/>\n<meta name=\"twitter:site\" content=\"@m_acustica\" \/>\n<meta name=\"twitter:label1\" content=\"Escrit per\" \/>\n\t<meta name=\"twitter:data1\" content=\"Macustica\" \/>\n\t<meta name=\"twitter:label2\" content=\"Temps estimat de lectura\" \/>\n\t<meta name=\"twitter:data2\" content=\"3 minuts\" \/>\n<script type=\"application\/ld+json\" class=\"yoast-schema-graph\">{\"@context\":\"https:\/\/schema.org\",\"@graph\":[{\"@type\":\"Article\",\"@id\":\"https:\/\/macustica.com\/ca\/integracio-del-disseny-acustic-a-larquitectura-moderna\/#article\",\"isPartOf\":{\"@id\":\"https:\/\/macustica.com\/ca\/integracio-del-disseny-acustic-a-larquitectura-moderna\/\"},\"author\":{\"name\":\"Macustica\",\"@id\":\"https:\/\/macustica.com\/ca\/#\/schema\/person\/1b727b2f27c62ab8c2bf3d3eb99c2d48\"},\"headline\":\"Integraci\u00f3 del Disseny Ac\u00fastic a l&#8217;Arquitectura Moderna\",\"datePublished\":\"2025-02-10T10:43:02+00:00\",\"mainEntityOfPage\":{\"@id\":\"https:\/\/macustica.com\/ca\/integracio-del-disseny-acustic-a-larquitectura-moderna\/\"},\"wordCount\":670,\"commentCount\":0,\"publisher\":{\"@id\":\"https:\/\/macustica.com\/ca\/#organization\"},\"image\":{\"@id\":\"https:\/\/macustica.com\/ca\/integracio-del-disseny-acustic-a-larquitectura-moderna\/#primaryimage\"},\"thumbnailUrl\":\"https:\/\/macustica.com\/wp-content\/uploads\/2025\/01\/1-MACUSTICA.jpg\",\"keywords\":[\"#condicionament ac\u00fastic\",\"#macustica\",\"#macusticaingenieria\"],\"articleSection\":[\"Condicionament\"],\"inLanguage\":\"ca\",\"potentialAction\":[{\"@type\":\"CommentAction\",\"name\":\"Comment\",\"target\":[\"https:\/\/macustica.com\/ca\/integracio-del-disseny-acustic-a-larquitectura-moderna\/#respond\"]}]},{\"@type\":\"WebPage\",\"@id\":\"https:\/\/macustica.com\/ca\/integracio-del-disseny-acustic-a-larquitectura-moderna\/\",\"url\":\"https:\/\/macustica.com\/ca\/integracio-del-disseny-acustic-a-larquitectura-moderna\/\",\"name\":\"Integraci\u00f3 del Disseny Ac\u00fastic a l'Arquitectura Moderna - Macustica\",\"isPartOf\":{\"@id\":\"https:\/\/macustica.com\/ca\/#website\"},\"primaryImageOfPage\":{\"@id\":\"https:\/\/macustica.com\/ca\/integracio-del-disseny-acustic-a-larquitectura-moderna\/#primaryimage\"},\"image\":{\"@id\":\"https:\/\/macustica.com\/ca\/integracio-del-disseny-acustic-a-larquitectura-moderna\/#primaryimage\"},\"thumbnailUrl\":\"https:\/\/macustica.com\/wp-content\/uploads\/2025\/01\/1-MACUSTICA.jpg\",\"datePublished\":\"2025-02-10T10:43:02+00:00\",\"breadcrumb\":{\"@id\":\"https:\/\/macustica.com\/ca\/integracio-del-disseny-acustic-a-larquitectura-moderna\/#breadcrumb\"},\"inLanguage\":\"ca\",\"potentialAction\":[{\"@type\":\"ReadAction\",\"target\":[\"https:\/\/macustica.com\/ca\/integracio-del-disseny-acustic-a-larquitectura-moderna\/\"]}]},{\"@type\":\"ImageObject\",\"inLanguage\":\"ca\",\"@id\":\"https:\/\/macustica.com\/ca\/integracio-del-disseny-acustic-a-larquitectura-moderna\/#primaryimage\",\"url\":\"https:\/\/macustica.com\/wp-content\/uploads\/2025\/01\/1-MACUSTICA.jpg\",\"contentUrl\":\"https:\/\/macustica.com\/wp-content\/uploads\/2025\/01\/1-MACUSTICA.jpg\",\"width\":940,\"height\":788},{\"@type\":\"BreadcrumbList\",\"@id\":\"https:\/\/macustica.com\/ca\/integracio-del-disseny-acustic-a-larquitectura-moderna\/#breadcrumb\",\"itemListElement\":[{\"@type\":\"ListItem\",\"position\":1,\"name\":\"Portada\",\"item\":\"https:\/\/macustica.com\/ca\/inici\/\"},{\"@type\":\"ListItem\",\"position\":2,\"name\":\"Integraci\u00f3 del Disseny Ac\u00fastic a l&#8217;Arquitectura Moderna\"}]},{\"@type\":\"WebSite\",\"@id\":\"https:\/\/macustica.com\/ca\/#website\",\"url\":\"https:\/\/macustica.com\/ca\/\",\"name\":\"Macustica\",\"description\":\"\",\"publisher\":{\"@id\":\"https:\/\/macustica.com\/ca\/#organization\"},\"potentialAction\":[{\"@type\":\"SearchAction\",\"target\":{\"@type\":\"EntryPoint\",\"urlTemplate\":\"https:\/\/macustica.com\/ca\/?s={search_term_string}\"},\"query-input\":{\"@type\":\"PropertyValueSpecification\",\"valueRequired\":true,\"valueName\":\"search_term_string\"}}],\"inLanguage\":\"ca\"},{\"@type\":\"Organization\",\"@id\":\"https:\/\/macustica.com\/ca\/#organization\",\"name\":\"Mac\u00fastica\",\"alternateName\":\"Mac\u00fastica\",\"url\":\"https:\/\/macustica.com\/ca\/\",\"logo\":{\"@type\":\"ImageObject\",\"inLanguage\":\"ca\",\"@id\":\"https:\/\/macustica.com\/ca\/#\/schema\/logo\/image\/\",\"url\":\"https:\/\/macustica.com\/wp-content\/uploads\/2023\/03\/logo-macustica.png\",\"contentUrl\":\"https:\/\/macustica.com\/wp-content\/uploads\/2023\/03\/logo-macustica.png\",\"width\":300,\"height\":85,\"caption\":\"Mac\u00fastica\"},\"image\":{\"@id\":\"https:\/\/macustica.com\/ca\/#\/schema\/logo\/image\/\"},\"sameAs\":[\"https:\/\/www.facebook.com\/macusticaingenieria\/?ref=bookmarks\",\"https:\/\/x.com\/m_acustica\",\"https:\/\/www.instagram.com\/macustica\/\",\"https:\/\/www.linkedin.com\/company\/15081962?trk=tyah&trkInfo=clickedVerticalcompanyclickedEntityId15081962idx1-1-1tarId1472140082122tasmacustica\"]},{\"@type\":\"Person\",\"@id\":\"https:\/\/macustica.com\/ca\/#\/schema\/person\/1b727b2f27c62ab8c2bf3d3eb99c2d48\",\"name\":\"Macustica\",\"image\":{\"@type\":\"ImageObject\",\"inLanguage\":\"ca\",\"@id\":\"https:\/\/macustica.com\/ca\/#\/schema\/person\/image\/\",\"url\":\"https:\/\/secure.gravatar.com\/avatar\/66a697ef76d4b39944b7141d440b2bb3803a894870f6e12cc93dfdf304fd975d?s=96&d=mm&r=g\",\"contentUrl\":\"https:\/\/secure.gravatar.com\/avatar\/66a697ef76d4b39944b7141d440b2bb3803a894870f6e12cc93dfdf304fd975d?s=96&d=mm&r=g\",\"caption\":\"Macustica\"}}]}<\/script>\n<!-- \/ Yoast SEO plugin. -->","yoast_head_json":{"title":"Integraci\u00f3 del Disseny Ac\u00fastic a l'Arquitectura Moderna - Macustica","robots":{"index":"index","follow":"follow","max-snippet":"max-snippet:-1","max-image-preview":"max-image-preview:large","max-video-preview":"max-video-preview:-1"},"canonical":"https:\/\/macustica.com\/ca\/integracio-del-disseny-acustic-a-larquitectura-moderna\/","og_locale":"ca_ES","og_type":"article","og_title":"Integraci\u00f3 del Disseny Ac\u00fastic a l'Arquitectura Moderna - Macustica","og_description":"A mesura que augmenta la demanda de disseny \u00fanic i innovador a l&#8217;arquitectura moderna, tamb\u00e9 ho fa la necessitat de disseny ac\u00fastic integrat. El disseny ac\u00fastic \u00e9s l\u2019estudi cient\u00edfic del tractament del so als espais interiors per garantir un entorn auditiu \u00f2ptim, confortable i agradable. Incorporar el disseny ac\u00fastic a l\u2019arquitectura moderna \u00e9s crucial perqu\u00e8 [&hellip;]","og_url":"https:\/\/macustica.com\/ca\/integracio-del-disseny-acustic-a-larquitectura-moderna\/","og_site_name":"Macustica","article_publisher":"https:\/\/www.facebook.com\/macusticaingenieria\/?ref=bookmarks","article_published_time":"2025-02-10T10:43:02+00:00","og_image":[{"width":940,"height":788,"url":"https:\/\/macustica.com\/wp-content\/uploads\/2025\/01\/1-MACUSTICA.jpg","type":"image\/jpeg"}],"author":"Macustica","twitter_card":"summary_large_image","twitter_creator":"@m_acustica","twitter_site":"@m_acustica","twitter_misc":{"Escrit per":"Macustica","Temps estimat de lectura":"3 minuts"},"schema":{"@context":"https:\/\/schema.org","@graph":[{"@type":"Article","@id":"https:\/\/macustica.com\/ca\/integracio-del-disseny-acustic-a-larquitectura-moderna\/#article","isPartOf":{"@id":"https:\/\/macustica.com\/ca\/integracio-del-disseny-acustic-a-larquitectura-moderna\/"},"author":{"name":"Macustica","@id":"https:\/\/macustica.com\/ca\/#\/schema\/person\/1b727b2f27c62ab8c2bf3d3eb99c2d48"},"headline":"Integraci\u00f3 del Disseny Ac\u00fastic a l&#8217;Arquitectura Moderna","datePublished":"2025-02-10T10:43:02+00:00","mainEntityOfPage":{"@id":"https:\/\/macustica.com\/ca\/integracio-del-disseny-acustic-a-larquitectura-moderna\/"},"wordCount":670,"commentCount":0,"publisher":{"@id":"https:\/\/macustica.com\/ca\/#organization"},"image":{"@id":"https:\/\/macustica.com\/ca\/integracio-del-disseny-acustic-a-larquitectura-moderna\/#primaryimage"},"thumbnailUrl":"https:\/\/macustica.com\/wp-content\/uploads\/2025\/01\/1-MACUSTICA.jpg","keywords":["#condicionament ac\u00fastic","#macustica","#macusticaingenieria"],"articleSection":["Condicionament"],"inLanguage":"ca","potentialAction":[{"@type":"CommentAction","name":"Comment","target":["https:\/\/macustica.com\/ca\/integracio-del-disseny-acustic-a-larquitectura-moderna\/#respond"]}]},{"@type":"WebPage","@id":"https:\/\/macustica.com\/ca\/integracio-del-disseny-acustic-a-larquitectura-moderna\/","url":"https:\/\/macustica.com\/ca\/integracio-del-disseny-acustic-a-larquitectura-moderna\/","name":"Integraci\u00f3 del Disseny Ac\u00fastic a l'Arquitectura Moderna - Macustica","isPartOf":{"@id":"https:\/\/macustica.com\/ca\/#website"},"primaryImageOfPage":{"@id":"https:\/\/macustica.com\/ca\/integracio-del-disseny-acustic-a-larquitectura-moderna\/#primaryimage"},"image":{"@id":"https:\/\/macustica.com\/ca\/integracio-del-disseny-acustic-a-larquitectura-moderna\/#primaryimage"},"thumbnailUrl":"https:\/\/macustica.com\/wp-content\/uploads\/2025\/01\/1-MACUSTICA.jpg","datePublished":"2025-02-10T10:43:02+00:00","breadcrumb":{"@id":"https:\/\/macustica.com\/ca\/integracio-del-disseny-acustic-a-larquitectura-moderna\/#breadcrumb"},"inLanguage":"ca","potentialAction":[{"@type":"ReadAction","target":["https:\/\/macustica.com\/ca\/integracio-del-disseny-acustic-a-larquitectura-moderna\/"]}]},{"@type":"ImageObject","inLanguage":"ca","@id":"https:\/\/macustica.com\/ca\/integracio-del-disseny-acustic-a-larquitectura-moderna\/#primaryimage","url":"https:\/\/macustica.com\/wp-content\/uploads\/2025\/01\/1-MACUSTICA.jpg","contentUrl":"https:\/\/macustica.com\/wp-content\/uploads\/2025\/01\/1-MACUSTICA.jpg","width":940,"height":788},{"@type":"BreadcrumbList","@id":"https:\/\/macustica.com\/ca\/integracio-del-disseny-acustic-a-larquitectura-moderna\/#breadcrumb","itemListElement":[{"@type":"ListItem","position":1,"name":"Portada","item":"https:\/\/macustica.com\/ca\/inici\/"},{"@type":"ListItem","position":2,"name":"Integraci\u00f3 del Disseny Ac\u00fastic a l&#8217;Arquitectura Moderna"}]},{"@type":"WebSite","@id":"https:\/\/macustica.com\/ca\/#website","url":"https:\/\/macustica.com\/ca\/","name":"Macustica","description":"","publisher":{"@id":"https:\/\/macustica.com\/ca\/#organization"},"potentialAction":[{"@type":"SearchAction","target":{"@type":"EntryPoint","urlTemplate":"https:\/\/macustica.com\/ca\/?s={search_term_string}"},"query-input":{"@type":"PropertyValueSpecification","valueRequired":true,"valueName":"search_term_string"}}],"inLanguage":"ca"},{"@type":"Organization","@id":"https:\/\/macustica.com\/ca\/#organization","name":"Mac\u00fastica","alternateName":"Mac\u00fastica","url":"https:\/\/macustica.com\/ca\/","logo":{"@type":"ImageObject","inLanguage":"ca","@id":"https:\/\/macustica.com\/ca\/#\/schema\/logo\/image\/","url":"https:\/\/macustica.com\/wp-content\/uploads\/2023\/03\/logo-macustica.png","contentUrl":"https:\/\/macustica.com\/wp-content\/uploads\/2023\/03\/logo-macustica.png","width":300,"height":85,"caption":"Mac\u00fastica"},"image":{"@id":"https:\/\/macustica.com\/ca\/#\/schema\/logo\/image\/"},"sameAs":["https:\/\/www.facebook.com\/macusticaingenieria\/?ref=bookmarks","https:\/\/x.com\/m_acustica","https:\/\/www.instagram.com\/macustica\/","https:\/\/www.linkedin.com\/company\/15081962?trk=tyah&trkInfo=clickedVerticalcompanyclickedEntityId15081962idx1-1-1tarId1472140082122tasmacustica"]},{"@type":"Person","@id":"https:\/\/macustica.com\/ca\/#\/schema\/person\/1b727b2f27c62ab8c2bf3d3eb99c2d48","name":"Macustica","image":{"@type":"ImageObject","inLanguage":"ca","@id":"https:\/\/macustica.com\/ca\/#\/schema\/person\/image\/","url":"https:\/\/secure.gravatar.com\/avatar\/66a697ef76d4b39944b7141d440b2bb3803a894870f6e12cc93dfdf304fd975d?s=96&d=mm&r=g","contentUrl":"https:\/\/secure.gravatar.com\/avatar\/66a697ef76d4b39944b7141d440b2bb3803a894870f6e12cc93dfdf304fd975d?s=96&d=mm&r=g","caption":"Macustica"}}]}},"_links":{"self":[{"href":"https:\/\/macustica.com\/ca\/wp-json\/wp\/v2\/posts\/4368","targetHints":{"allow":["GET"]}}],"collection":[{"href":"https:\/\/macustica.com\/ca\/wp-json\/wp\/v2\/posts"}],"about":[{"href":"https:\/\/macustica.com\/ca\/wp-json\/wp\/v2\/types\/post"}],"author":[{"embeddable":true,"href":"https:\/\/macustica.com\/ca\/wp-json\/wp\/v2\/users\/2"}],"replies":[{"embeddable":true,"href":"https:\/\/macustica.com\/ca\/wp-json\/wp\/v2\/comments?post=4368"}],"version-history":[{"count":1,"href":"https:\/\/macustica.com\/ca\/wp-json\/wp\/v2\/posts\/4368\/revisions"}],"predecessor-version":[{"id":4369,"href":"https:\/\/macustica.com\/ca\/wp-json\/wp\/v2\/posts\/4368\/revisions\/4369"}],"wp:featuredmedia":[{"embeddable":true,"href":"https:\/\/macustica.com\/ca\/wp-json\/wp\/v2\/media\/4364"}],"wp:attachment":[{"href":"https:\/\/macustica.com\/ca\/wp-json\/wp\/v2\/media?parent=4368"}],"wp:term":[{"taxonomy":"category","embeddable":true,"href":"https:\/\/macustica.com\/ca\/wp-json\/wp\/v2\/categories?post=4368"},{"taxonomy":"post_tag","embeddable":true,"href":"https:\/\/macustica.com\/ca\/wp-json\/wp\/v2\/tags?post=4368"}],"curies":[{"name":"wp","href":"https:\/\/api.w.org\/{rel}","templated":true}]}}