{"id":4349,"date":"2024-12-11T10:18:36","date_gmt":"2024-12-11T09:18:36","guid":{"rendered":"https:\/\/macustica.com\/?p=4349"},"modified":"2024-12-11T10:24:25","modified_gmt":"2024-12-11T09:24:25","slug":"entenent-lacustica-als-espais-educatius","status":"publish","type":"post","link":"https:\/\/macustica.com\/ca\/entenent-lacustica-als-espais-educatius\/","title":{"rendered":"Entenent l&#8217;ac\u00fastica als espais educatius"},"content":{"rendered":"<p>En espais educatius com escoles i instituts, la qualitat de l\u2019entorn \u00e9s un factor important en el rendiment i la satisfacci\u00f3 de l\u2019alumnat. Un dels aspectes m\u00e9s descurats d\u2019un entorn d\u2019aprenentatge \u00e9s l\u2019ac\u00fastica. Una bona ac\u00fastica pot millorar les experi\u00e8ncies educatives, mentre que una deficient ac\u00fastica pot ser molt disruptiva. Per garantir una experi\u00e8ncia docent i d\u2019aprenentatge agradable, l\u2019ac\u00fastica dels espais educatius ha d\u2019estar ben gestionada.<\/p>\n<p>&nbsp;<\/p>\n<h2>Qu\u00e8 \u00e9s l\u2019ac\u00fastica?<\/h2>\n<p>L&#8217;ac\u00fastica \u00e9s l&#8217;estudi del so i com interactua amb el seu entorn. L&#8217;ac\u00fastica ambiental \u00e9s la ci\u00e8ncia que estudia com es propaguen els sons a entorns oberts, edificis i habitacions. Compr\u00e8n l&#8217;estudi dels sons generats per les activitats humanes, incl\u00f2s el control del soroll i el disseny d&#8217;habitacions per millorar la comunicaci\u00f3, la privadesa i el confort.<\/p>\n<p>&nbsp;<\/p>\n<p>Comprendre la import\u00e0ncia de l&#8217;ac\u00fastica en un espai educatiu<\/p>\n<p>L&#8217;ac\u00fastica t\u00e9 un paper fonamental en qualsevol entorn educatiu. Una deficient ac\u00fastica a l&#8217;aula pot fer que els alumnes tinguin dificultats per entendre el que diuen els professors, i tamb\u00e9 disminuir el rendiment del seu aprenentatge en general. Aix\u00f2 \u00e9s perqu\u00e8 l&#8217;ac\u00fastica pot tenir un impacte significatiu en l&#8217;entorn d&#8217;aprenentatge, i en l&#8217;atenci\u00f3 i la motivaci\u00f3 dels estudiants.<\/p>\n<p>&nbsp;<\/p>\n<p>En general, un entorn ac\u00fastic \u00f2ptim en un entorn educatiu hauria de reduir els nivells de soroll de fons i minimitzar els efectes de ress\u00f2 i reverberaci\u00f3 per garantir una parla clara i bones experi\u00e8ncies auditives. Si l\u2019ac\u00fastica d\u2019una aula \u00e9s deficient, pot resultar dif\u00edcil per al professor transmetre informaci\u00f3 clarament als alumnes. Tamb\u00e9 pot ser dif\u00edcil que els alumnes es comuniquin clarament entre ells, i per als alumnes amb problemes d&#8217;audici\u00f3 sentir el que diu el professor.<\/p>\n<p>&nbsp;<\/p>\n<p>Els factors clau a tenir en compte per a una bona ac\u00fastica en un entorn educatiu<\/p>\n<p>Hi ha diversos factors clau que cal tenir en compte a l&#8217;hora de dissenyar o avaluar l&#8217;ac\u00fastica d&#8217;un entorn educatiu. Aquests factors inclouen elements tant intr\u00ednsecs com extr\u00ednsecs.<\/p>\n<p>&nbsp;<\/p>\n<p>Elements ac\u00fastics intr\u00ednsecs<\/p>\n<p>&nbsp;<\/p>\n<p>Els elements ac\u00fastics intr\u00ednsecs es refereixen a les caracter\u00edstiques f\u00edsiques de l&#8217;espai que determinen la qualitat del so, com les dimensions, el volum i la forma. La forma de l&#8217;habitaci\u00f3 \u00e9s especialment important, ja que pot influir en la manera com el so es reflecteix i absorbeix. Les superf\u00edcies que reflecteixen el so, com les parets de guix llis, poden causar problemes ac\u00fastics, mentre que els materials amortidors del so, com les moquetes i les cortines, poden ajudar a minimitzar els efectes d&#8217;una deficient ac\u00fastica.<\/p>\n<p>&nbsp;<\/p>\n<p>A m\u00e9s de la forma i els materials absorbents del so, el volum de l&#8217;habitaci\u00f3 i la ubicaci\u00f3 de l&#8217;oient tamb\u00e9 poden influir molt en la qualitat del so.<\/p>\n<p>&nbsp;<\/p>\n<p>Elements ac\u00fastics extr\u00ednsecs<\/p>\n<p>&nbsp;<\/p>\n<p>Els elements ac\u00fastics extr\u00ednsecs fan refer\u00e8ncia als factors externs que poden influir en la qualitat del so, com les fonts de soroll de fons, l&#8217;a\u00efllament i els equips HVAC (calefacci\u00f3, ventilaci\u00f3 i aire condicionat). El nivell de soroll de fons s&#8217;ha de mantenir al m\u00ednim perqu\u00e8 els alumnes i els professors es puguin sentir clarament. Pel que fa a l&#8217;a\u00efllament, les parets, els terres i els sostres han d&#8217;estar ben a\u00efllats per evitar que entri soroll extern a l&#8217;habitaci\u00f3. A m\u00e9s, la ubicaci\u00f3 i el disseny dels equips HVAC tamb\u00e9 poden afectar la qualitat del so en un entorn educatiu.<\/p>\n<p>&nbsp;<\/p>\n<p>Consells per millorar l&#8217;ac\u00fastica als espais educatius<\/p>\n<p>&nbsp;<\/p>\n<p>Hi ha una s\u00e8rie de passos que poden fer per millorar l&#8217;entorn ac\u00fastic en un entorn educatiu. Els consells seg\u00fcents poden ajudar a crear un entorn ac\u00fastic \u00f2ptim per a l&#8217;aprenentatge:<\/p>\n<p>&nbsp;<\/p>\n<ul>\n<li>Utilitzar materials absorbents del so. Per reduir els efectes de ress\u00f2 i reverberaci\u00f3, cal utilitzar materials absorbents del so, com moquetes, cortines i panells ac\u00fastics. Aquests materials poden ajudar a crear un entorn sonor m\u00e9s equilibrat, que millorar\u00e0 l\u2019experi\u00e8ncia auditiva tant dels alumnes com dels professors.<\/li>\n<li>Minimitzar el soroll de fons. El soroll de fons s&#8217;ha de mantenir al m\u00ednim en un entorn educatiu perqu\u00e8 les veus se sentin amb claredat. Es poden prendre mesures per reduir el nivell de soroll en una aula, com ara utilitzar materials absorbents del so, instal\u00b7lar panells ac\u00fastics i ajustar la posici\u00f3 del professor i els alumnes a l&#8217;habitaci\u00f3.<\/li>\n<li>Controlar el soroll dels equips de climatitzaci\u00f3. La ubicaci\u00f3 i el disseny dels equips de climatitzaci\u00f3 poden afectar enormement la qualitat ac\u00fastica d\u2019un entorn educatiu. Per garantir una experi\u00e8ncia auditiva agradable, els nivells de soroll dels equips de climatitzaci\u00f3 s&#8217;han de controlar en la mesura que sigui possible. Per aix\u00f2, els equips de climatitzaci\u00f3 s&#8217;han d&#8217;instal\u00b7lar lluny de l&#8217;aula i s&#8217;han d&#8217;utilitzar materials absorbents del so.<\/li>\n<li>Modificar el mobiliari. La disposici\u00f3 i el tipus de mobiliari a l&#8217;aula poden tenir un impacte significatiu a la qualitat ac\u00fastica de l&#8217;habitaci\u00f3. El mobiliari s&#8217;ha de col\u00b7locar de manera que es maximitzi el reflex del so i es minimitzin els efectes de ress\u00f2 i reverberaci\u00f3. A m\u00e9s, l&#8217;\u00fas de mobles amb propietats absorbents del so, com ara cadires encoixinades, pot ajudar a millorar l&#8217;experi\u00e8ncia auditiva.<\/li>\n<\/ul>\n<p>Conclusi\u00f3<\/p>\n<p>&nbsp;<\/p>\n<p>Una bona ac\u00fastica exerceix un paper cr\u00edtic en els entorns educatius. Una deficient ac\u00fastica a l&#8217;aula pot fer que els alumnes tinguin dificultats per entendre el que diuen els professors, i pot provocar una disminuci\u00f3 del rendiment de l&#8217;aprenentatge en general. \u00c9s important considerar acuradament els elements ac\u00fastics intr\u00ednsecs i extr\u00ednsecs d\u2019un espai educatiu a l\u2019hora de dissenyar o avaluar l\u2019ac\u00fastica d\u2019una aula. A m\u00e9s, es poden prendre mesures per millorar l&#8217;entorn ac\u00fastic d&#8217;un entorn educatiu, com ara l&#8217;\u00fas de materials absorbents del so, la minimitzaci\u00f3 del soroll de fons i la modificaci\u00f3 del mobiliari. En prendre aquestes mesures, podem assegurar que els alumnes i els professors tinguin una experi\u00e8ncia auditiva \u00f2ptima a l&#8217;aula.<\/p>\n<p>&nbsp;<\/p>\n<p>Per con\u00e8ixer m\u00e9s sobre solucions innovadores en aquest \u00e0mbit, visiteu <a href=\"https:\/\/www.macustica.com\">Mac\u00fastica<\/a>.<\/p>\n","protected":false},"excerpt":{"rendered":"<p>En espais educatius com escoles i instituts, la qualitat de l\u2019entorn \u00e9s un factor important en el rendiment i la satisfacci\u00f3 de l\u2019alumnat. Un dels aspectes m\u00e9s descurats d\u2019un entorn d\u2019aprenentatge \u00e9s l\u2019ac\u00fastica. Una bona ac\u00fastica pot millorar les experi\u00e8ncies educatives, mentre que una deficient ac\u00fastica pot ser molt disruptiva. Per garantir una experi\u00e8ncia docent [&hellip;]<\/p>\n","protected":false},"author":2,"featured_media":4339,"comment_status":"open","ping_status":"open","sticky":false,"template":"","format":"standard","meta":{"site-sidebar-layout":"default","site-content-layout":"","ast-site-content-layout":"default","site-content-style":"default","site-sidebar-style":"default","ast-global-header-display":"","ast-banner-title-visibility":"","ast-main-header-display":"","ast-hfb-above-header-display":"","ast-hfb-below-header-display":"","ast-hfb-mobile-header-display":"","site-post-title":"","ast-breadcrumbs-content":"","ast-featured-img":"","footer-sml-layout":"","theme-transparent-header-meta":"default","adv-header-id-meta":"","stick-header-meta":"default","header-above-stick-meta":"","header-main-stick-meta":"","header-below-stick-meta":"","astra-migrate-meta-layouts":"set","ast-page-background-enabled":"default","ast-page-background-meta":{"desktop":{"background-color":"","background-image":"","background-repeat":"repeat","background-position":"center center","background-size":"auto","background-attachment":"scroll","background-type":"","background-media":"","overlay-type":"","overlay-color":"","overlay-opacity":"","overlay-gradient":""},"tablet":{"background-color":"","background-image":"","background-repeat":"repeat","background-position":"center center","background-size":"auto","background-attachment":"scroll","background-type":"","background-media":"","overlay-type":"","overlay-color":"","overlay-opacity":"","overlay-gradient":""},"mobile":{"background-color":"","background-image":"","background-repeat":"repeat","background-position":"center center","background-size":"auto","background-attachment":"scroll","background-type":"","background-media":"","overlay-type":"","overlay-color":"","overlay-opacity":"","overlay-gradient":""}},"ast-content-background-meta":{"desktop":{"background-color":"var(--ast-global-color-5)","background-image":"","background-repeat":"repeat","background-position":"center center","background-size":"auto","background-attachment":"scroll","background-type":"","background-media":"","overlay-type":"","overlay-color":"","overlay-opacity":"","overlay-gradient":""},"tablet":{"background-color":"var(--ast-global-color-5)","background-image":"","background-repeat":"repeat","background-position":"center center","background-size":"auto","background-attachment":"scroll","background-type":"","background-media":"","overlay-type":"","overlay-color":"","overlay-opacity":"","overlay-gradient":""},"mobile":{"background-color":"var(--ast-global-color-5)","background-image":"","background-repeat":"repeat","background-position":"center center","background-size":"auto","background-attachment":"scroll","background-type":"","background-media":"","overlay-type":"","overlay-color":"","overlay-opacity":"","overlay-gradient":""}},"footnotes":""},"categories":[1],"tags":[163,161,159,162,165,160],"class_list":["post-4349","post","type-post","status-publish","format-standard","has-post-thumbnail","hentry","category-sin-categorizar","tag-aillament","tag-condicionament-acustic","tag-macustica-ca","tag-macusticaingenieria-ca","tag-molesties","tag-acusticca-ca"],"yoast_head":"<!-- This site is optimized with the Yoast SEO plugin v26.4 - https:\/\/yoast.com\/wordpress\/plugins\/seo\/ -->\n<title>Entenent l&#039;ac\u00fastica als espais educatius - Macustica<\/title>\n<meta name=\"robots\" content=\"index, follow, max-snippet:-1, max-image-preview:large, max-video-preview:-1\" \/>\n<link rel=\"canonical\" href=\"https:\/\/macustica.com\/ca\/entenent-lacustica-als-espais-educatius\/\" \/>\n<meta property=\"og:locale\" content=\"ca_ES\" \/>\n<meta property=\"og:type\" content=\"article\" \/>\n<meta property=\"og:title\" content=\"Entenent l&#039;ac\u00fastica als espais educatius - Macustica\" \/>\n<meta property=\"og:description\" content=\"En espais educatius com escoles i instituts, la qualitat de l\u2019entorn \u00e9s un factor important en el rendiment i la satisfacci\u00f3 de l\u2019alumnat. Un dels aspectes m\u00e9s descurats d\u2019un entorn d\u2019aprenentatge \u00e9s l\u2019ac\u00fastica. Una bona ac\u00fastica pot millorar les experi\u00e8ncies educatives, mentre que una deficient ac\u00fastica pot ser molt disruptiva. Per garantir una experi\u00e8ncia docent [&hellip;]\" \/>\n<meta property=\"og:url\" content=\"https:\/\/macustica.com\/ca\/entenent-lacustica-als-espais-educatius\/\" \/>\n<meta property=\"og:site_name\" content=\"Macustica\" \/>\n<meta property=\"article:publisher\" content=\"https:\/\/www.facebook.com\/macusticaingenieria\/?ref=bookmarks\" \/>\n<meta property=\"article:published_time\" content=\"2024-12-11T09:18:36+00:00\" \/>\n<meta property=\"article:modified_time\" content=\"2024-12-11T09:24:25+00:00\" \/>\n<meta property=\"og:image\" content=\"https:\/\/macustica.com\/wp-content\/uploads\/2024\/12\/MACUSTICA-2.jpg\" \/>\n\t<meta property=\"og:image:width\" content=\"1920\" \/>\n\t<meta property=\"og:image:height\" content=\"1080\" \/>\n\t<meta property=\"og:image:type\" content=\"image\/jpeg\" \/>\n<meta name=\"author\" content=\"Macustica\" \/>\n<meta name=\"twitter:card\" content=\"summary_large_image\" \/>\n<meta name=\"twitter:creator\" content=\"@m_acustica\" \/>\n<meta name=\"twitter:site\" content=\"@m_acustica\" \/>\n<meta name=\"twitter:label1\" content=\"Escrit per\" \/>\n\t<meta name=\"twitter:data1\" content=\"Macustica\" \/>\n\t<meta name=\"twitter:label2\" content=\"Temps estimat de lectura\" \/>\n\t<meta name=\"twitter:data2\" content=\"5 minuts\" \/>\n<script type=\"application\/ld+json\" class=\"yoast-schema-graph\">{\"@context\":\"https:\/\/schema.org\",\"@graph\":[{\"@type\":\"Article\",\"@id\":\"https:\/\/macustica.com\/ca\/entenent-lacustica-als-espais-educatius\/#article\",\"isPartOf\":{\"@id\":\"https:\/\/macustica.com\/ca\/entenent-lacustica-als-espais-educatius\/\"},\"author\":{\"name\":\"Macustica\",\"@id\":\"https:\/\/macustica.com\/ca\/#\/schema\/person\/1b727b2f27c62ab8c2bf3d3eb99c2d48\"},\"headline\":\"Entenent l&#8217;ac\u00fastica als espais educatius\",\"datePublished\":\"2024-12-11T09:18:36+00:00\",\"dateModified\":\"2024-12-11T09:24:25+00:00\",\"mainEntityOfPage\":{\"@id\":\"https:\/\/macustica.com\/ca\/entenent-lacustica-als-espais-educatius\/\"},\"wordCount\":1100,\"commentCount\":0,\"publisher\":{\"@id\":\"https:\/\/macustica.com\/ca\/#organization\"},\"image\":{\"@id\":\"https:\/\/macustica.com\/ca\/entenent-lacustica-als-espais-educatius\/#primaryimage\"},\"thumbnailUrl\":\"https:\/\/macustica.com\/wp-content\/uploads\/2024\/12\/MACUSTICA-2.jpg\",\"keywords\":[\"#a\u00efllament\",\"#condicionament ac\u00fastic\",\"#macustica\",\"#macusticaingenieria\",\"#mol\u00e8sties\",\"Acusticca\"],\"articleSection\":[\"Sin categorizar\"],\"inLanguage\":\"ca\",\"potentialAction\":[{\"@type\":\"CommentAction\",\"name\":\"Comment\",\"target\":[\"https:\/\/macustica.com\/ca\/entenent-lacustica-als-espais-educatius\/#respond\"]}]},{\"@type\":\"WebPage\",\"@id\":\"https:\/\/macustica.com\/ca\/entenent-lacustica-als-espais-educatius\/\",\"url\":\"https:\/\/macustica.com\/ca\/entenent-lacustica-als-espais-educatius\/\",\"name\":\"Entenent l'ac\u00fastica als espais educatius - Macustica\",\"isPartOf\":{\"@id\":\"https:\/\/macustica.com\/ca\/#website\"},\"primaryImageOfPage\":{\"@id\":\"https:\/\/macustica.com\/ca\/entenent-lacustica-als-espais-educatius\/#primaryimage\"},\"image\":{\"@id\":\"https:\/\/macustica.com\/ca\/entenent-lacustica-als-espais-educatius\/#primaryimage\"},\"thumbnailUrl\":\"https:\/\/macustica.com\/wp-content\/uploads\/2024\/12\/MACUSTICA-2.jpg\",\"datePublished\":\"2024-12-11T09:18:36+00:00\",\"dateModified\":\"2024-12-11T09:24:25+00:00\",\"breadcrumb\":{\"@id\":\"https:\/\/macustica.com\/ca\/entenent-lacustica-als-espais-educatius\/#breadcrumb\"},\"inLanguage\":\"ca\",\"potentialAction\":[{\"@type\":\"ReadAction\",\"target\":[\"https:\/\/macustica.com\/ca\/entenent-lacustica-als-espais-educatius\/\"]}]},{\"@type\":\"ImageObject\",\"inLanguage\":\"ca\",\"@id\":\"https:\/\/macustica.com\/ca\/entenent-lacustica-als-espais-educatius\/#primaryimage\",\"url\":\"https:\/\/macustica.com\/wp-content\/uploads\/2024\/12\/MACUSTICA-2.jpg\",\"contentUrl\":\"https:\/\/macustica.com\/wp-content\/uploads\/2024\/12\/MACUSTICA-2.jpg\",\"width\":1920,\"height\":1080},{\"@type\":\"BreadcrumbList\",\"@id\":\"https:\/\/macustica.com\/ca\/entenent-lacustica-als-espais-educatius\/#breadcrumb\",\"itemListElement\":[{\"@type\":\"ListItem\",\"position\":1,\"name\":\"Portada\",\"item\":\"https:\/\/macustica.com\/ca\/inici\/\"},{\"@type\":\"ListItem\",\"position\":2,\"name\":\"Entenent l&#8217;ac\u00fastica als espais educatius\"}]},{\"@type\":\"WebSite\",\"@id\":\"https:\/\/macustica.com\/ca\/#website\",\"url\":\"https:\/\/macustica.com\/ca\/\",\"name\":\"Macustica\",\"description\":\"\",\"publisher\":{\"@id\":\"https:\/\/macustica.com\/ca\/#organization\"},\"potentialAction\":[{\"@type\":\"SearchAction\",\"target\":{\"@type\":\"EntryPoint\",\"urlTemplate\":\"https:\/\/macustica.com\/ca\/?s={search_term_string}\"},\"query-input\":{\"@type\":\"PropertyValueSpecification\",\"valueRequired\":true,\"valueName\":\"search_term_string\"}}],\"inLanguage\":\"ca\"},{\"@type\":\"Organization\",\"@id\":\"https:\/\/macustica.com\/ca\/#organization\",\"name\":\"Mac\u00fastica\",\"alternateName\":\"Mac\u00fastica\",\"url\":\"https:\/\/macustica.com\/ca\/\",\"logo\":{\"@type\":\"ImageObject\",\"inLanguage\":\"ca\",\"@id\":\"https:\/\/macustica.com\/ca\/#\/schema\/logo\/image\/\",\"url\":\"https:\/\/macustica.com\/wp-content\/uploads\/2023\/03\/logo-macustica.png\",\"contentUrl\":\"https:\/\/macustica.com\/wp-content\/uploads\/2023\/03\/logo-macustica.png\",\"width\":300,\"height\":85,\"caption\":\"Mac\u00fastica\"},\"image\":{\"@id\":\"https:\/\/macustica.com\/ca\/#\/schema\/logo\/image\/\"},\"sameAs\":[\"https:\/\/www.facebook.com\/macusticaingenieria\/?ref=bookmarks\",\"https:\/\/x.com\/m_acustica\",\"https:\/\/www.instagram.com\/macustica\/\",\"https:\/\/www.linkedin.com\/company\/15081962?trk=tyah&trkInfo=clickedVerticalcompanyclickedEntityId15081962idx1-1-1tarId1472140082122tasmacustica\"]},{\"@type\":\"Person\",\"@id\":\"https:\/\/macustica.com\/ca\/#\/schema\/person\/1b727b2f27c62ab8c2bf3d3eb99c2d48\",\"name\":\"Macustica\",\"image\":{\"@type\":\"ImageObject\",\"inLanguage\":\"ca\",\"@id\":\"https:\/\/macustica.com\/ca\/#\/schema\/person\/image\/\",\"url\":\"https:\/\/secure.gravatar.com\/avatar\/66a697ef76d4b39944b7141d440b2bb3803a894870f6e12cc93dfdf304fd975d?s=96&d=mm&r=g\",\"contentUrl\":\"https:\/\/secure.gravatar.com\/avatar\/66a697ef76d4b39944b7141d440b2bb3803a894870f6e12cc93dfdf304fd975d?s=96&d=mm&r=g\",\"caption\":\"Macustica\"}}]}<\/script>\n<!-- \/ Yoast SEO plugin. -->","yoast_head_json":{"title":"Entenent l'ac\u00fastica als espais educatius - Macustica","robots":{"index":"index","follow":"follow","max-snippet":"max-snippet:-1","max-image-preview":"max-image-preview:large","max-video-preview":"max-video-preview:-1"},"canonical":"https:\/\/macustica.com\/ca\/entenent-lacustica-als-espais-educatius\/","og_locale":"ca_ES","og_type":"article","og_title":"Entenent l'ac\u00fastica als espais educatius - Macustica","og_description":"En espais educatius com escoles i instituts, la qualitat de l\u2019entorn \u00e9s un factor important en el rendiment i la satisfacci\u00f3 de l\u2019alumnat. Un dels aspectes m\u00e9s descurats d\u2019un entorn d\u2019aprenentatge \u00e9s l\u2019ac\u00fastica. Una bona ac\u00fastica pot millorar les experi\u00e8ncies educatives, mentre que una deficient ac\u00fastica pot ser molt disruptiva. Per garantir una experi\u00e8ncia docent [&hellip;]","og_url":"https:\/\/macustica.com\/ca\/entenent-lacustica-als-espais-educatius\/","og_site_name":"Macustica","article_publisher":"https:\/\/www.facebook.com\/macusticaingenieria\/?ref=bookmarks","article_published_time":"2024-12-11T09:18:36+00:00","article_modified_time":"2024-12-11T09:24:25+00:00","og_image":[{"width":1920,"height":1080,"url":"https:\/\/macustica.com\/wp-content\/uploads\/2024\/12\/MACUSTICA-2.jpg","type":"image\/jpeg"}],"author":"Macustica","twitter_card":"summary_large_image","twitter_creator":"@m_acustica","twitter_site":"@m_acustica","twitter_misc":{"Escrit per":"Macustica","Temps estimat de lectura":"5 minuts"},"schema":{"@context":"https:\/\/schema.org","@graph":[{"@type":"Article","@id":"https:\/\/macustica.com\/ca\/entenent-lacustica-als-espais-educatius\/#article","isPartOf":{"@id":"https:\/\/macustica.com\/ca\/entenent-lacustica-als-espais-educatius\/"},"author":{"name":"Macustica","@id":"https:\/\/macustica.com\/ca\/#\/schema\/person\/1b727b2f27c62ab8c2bf3d3eb99c2d48"},"headline":"Entenent l&#8217;ac\u00fastica als espais educatius","datePublished":"2024-12-11T09:18:36+00:00","dateModified":"2024-12-11T09:24:25+00:00","mainEntityOfPage":{"@id":"https:\/\/macustica.com\/ca\/entenent-lacustica-als-espais-educatius\/"},"wordCount":1100,"commentCount":0,"publisher":{"@id":"https:\/\/macustica.com\/ca\/#organization"},"image":{"@id":"https:\/\/macustica.com\/ca\/entenent-lacustica-als-espais-educatius\/#primaryimage"},"thumbnailUrl":"https:\/\/macustica.com\/wp-content\/uploads\/2024\/12\/MACUSTICA-2.jpg","keywords":["#a\u00efllament","#condicionament ac\u00fastic","#macustica","#macusticaingenieria","#mol\u00e8sties","Acusticca"],"articleSection":["Sin categorizar"],"inLanguage":"ca","potentialAction":[{"@type":"CommentAction","name":"Comment","target":["https:\/\/macustica.com\/ca\/entenent-lacustica-als-espais-educatius\/#respond"]}]},{"@type":"WebPage","@id":"https:\/\/macustica.com\/ca\/entenent-lacustica-als-espais-educatius\/","url":"https:\/\/macustica.com\/ca\/entenent-lacustica-als-espais-educatius\/","name":"Entenent l'ac\u00fastica als espais educatius - Macustica","isPartOf":{"@id":"https:\/\/macustica.com\/ca\/#website"},"primaryImageOfPage":{"@id":"https:\/\/macustica.com\/ca\/entenent-lacustica-als-espais-educatius\/#primaryimage"},"image":{"@id":"https:\/\/macustica.com\/ca\/entenent-lacustica-als-espais-educatius\/#primaryimage"},"thumbnailUrl":"https:\/\/macustica.com\/wp-content\/uploads\/2024\/12\/MACUSTICA-2.jpg","datePublished":"2024-12-11T09:18:36+00:00","dateModified":"2024-12-11T09:24:25+00:00","breadcrumb":{"@id":"https:\/\/macustica.com\/ca\/entenent-lacustica-als-espais-educatius\/#breadcrumb"},"inLanguage":"ca","potentialAction":[{"@type":"ReadAction","target":["https:\/\/macustica.com\/ca\/entenent-lacustica-als-espais-educatius\/"]}]},{"@type":"ImageObject","inLanguage":"ca","@id":"https:\/\/macustica.com\/ca\/entenent-lacustica-als-espais-educatius\/#primaryimage","url":"https:\/\/macustica.com\/wp-content\/uploads\/2024\/12\/MACUSTICA-2.jpg","contentUrl":"https:\/\/macustica.com\/wp-content\/uploads\/2024\/12\/MACUSTICA-2.jpg","width":1920,"height":1080},{"@type":"BreadcrumbList","@id":"https:\/\/macustica.com\/ca\/entenent-lacustica-als-espais-educatius\/#breadcrumb","itemListElement":[{"@type":"ListItem","position":1,"name":"Portada","item":"https:\/\/macustica.com\/ca\/inici\/"},{"@type":"ListItem","position":2,"name":"Entenent l&#8217;ac\u00fastica als espais educatius"}]},{"@type":"WebSite","@id":"https:\/\/macustica.com\/ca\/#website","url":"https:\/\/macustica.com\/ca\/","name":"Macustica","description":"","publisher":{"@id":"https:\/\/macustica.com\/ca\/#organization"},"potentialAction":[{"@type":"SearchAction","target":{"@type":"EntryPoint","urlTemplate":"https:\/\/macustica.com\/ca\/?s={search_term_string}"},"query-input":{"@type":"PropertyValueSpecification","valueRequired":true,"valueName":"search_term_string"}}],"inLanguage":"ca"},{"@type":"Organization","@id":"https:\/\/macustica.com\/ca\/#organization","name":"Mac\u00fastica","alternateName":"Mac\u00fastica","url":"https:\/\/macustica.com\/ca\/","logo":{"@type":"ImageObject","inLanguage":"ca","@id":"https:\/\/macustica.com\/ca\/#\/schema\/logo\/image\/","url":"https:\/\/macustica.com\/wp-content\/uploads\/2023\/03\/logo-macustica.png","contentUrl":"https:\/\/macustica.com\/wp-content\/uploads\/2023\/03\/logo-macustica.png","width":300,"height":85,"caption":"Mac\u00fastica"},"image":{"@id":"https:\/\/macustica.com\/ca\/#\/schema\/logo\/image\/"},"sameAs":["https:\/\/www.facebook.com\/macusticaingenieria\/?ref=bookmarks","https:\/\/x.com\/m_acustica","https:\/\/www.instagram.com\/macustica\/","https:\/\/www.linkedin.com\/company\/15081962?trk=tyah&trkInfo=clickedVerticalcompanyclickedEntityId15081962idx1-1-1tarId1472140082122tasmacustica"]},{"@type":"Person","@id":"https:\/\/macustica.com\/ca\/#\/schema\/person\/1b727b2f27c62ab8c2bf3d3eb99c2d48","name":"Macustica","image":{"@type":"ImageObject","inLanguage":"ca","@id":"https:\/\/macustica.com\/ca\/#\/schema\/person\/image\/","url":"https:\/\/secure.gravatar.com\/avatar\/66a697ef76d4b39944b7141d440b2bb3803a894870f6e12cc93dfdf304fd975d?s=96&d=mm&r=g","contentUrl":"https:\/\/secure.gravatar.com\/avatar\/66a697ef76d4b39944b7141d440b2bb3803a894870f6e12cc93dfdf304fd975d?s=96&d=mm&r=g","caption":"Macustica"}}]}},"_links":{"self":[{"href":"https:\/\/macustica.com\/ca\/wp-json\/wp\/v2\/posts\/4349","targetHints":{"allow":["GET"]}}],"collection":[{"href":"https:\/\/macustica.com\/ca\/wp-json\/wp\/v2\/posts"}],"about":[{"href":"https:\/\/macustica.com\/ca\/wp-json\/wp\/v2\/types\/post"}],"author":[{"embeddable":true,"href":"https:\/\/macustica.com\/ca\/wp-json\/wp\/v2\/users\/2"}],"replies":[{"embeddable":true,"href":"https:\/\/macustica.com\/ca\/wp-json\/wp\/v2\/comments?post=4349"}],"version-history":[{"count":1,"href":"https:\/\/macustica.com\/ca\/wp-json\/wp\/v2\/posts\/4349\/revisions"}],"predecessor-version":[{"id":4350,"href":"https:\/\/macustica.com\/ca\/wp-json\/wp\/v2\/posts\/4349\/revisions\/4350"}],"wp:featuredmedia":[{"embeddable":true,"href":"https:\/\/macustica.com\/ca\/wp-json\/wp\/v2\/media\/4339"}],"wp:attachment":[{"href":"https:\/\/macustica.com\/ca\/wp-json\/wp\/v2\/media?parent=4349"}],"wp:term":[{"taxonomy":"category","embeddable":true,"href":"https:\/\/macustica.com\/ca\/wp-json\/wp\/v2\/categories?post=4349"},{"taxonomy":"post_tag","embeddable":true,"href":"https:\/\/macustica.com\/ca\/wp-json\/wp\/v2\/tags?post=4349"}],"curies":[{"name":"wp","href":"https:\/\/api.w.org\/{rel}","templated":true}]}}