{"id":4251,"date":"2024-06-19T13:12:38","date_gmt":"2024-06-19T11:12:38","guid":{"rendered":"https:\/\/macustica.com\/?p=4251"},"modified":"2024-06-19T13:13:27","modified_gmt":"2024-06-19T11:13:27","slug":"la-necessitat-de-millorar-lentorn-acustic-als-centres-educatius","status":"publish","type":"post","link":"https:\/\/macustica.com\/ca\/la-necessitat-de-millorar-lentorn-acustic-als-centres-educatius\/","title":{"rendered":"La necessitat de millorar l&#8217;entorn ac\u00fastic als centres educatius"},"content":{"rendered":"<p>Al m\u00f3n modern, les escoles i institucions educatives s&#8217;enfronten a un repte constant per superar problemes quotidians com l&#8217;amuntegament, la manca de fons i de recursos adequats. Tot i aix\u00f2, potser un dels problemes que m\u00e9s es passen per alt \u00e9s el dels entorns ac\u00fastics deficients. La contaminaci\u00f3 ac\u00fastica a les escoles i aules pot tenir un impacte enorme en l&#8217;aprenentatge i el benestar dels alumnes, per la qual cosa \u00e9s prioritari que els centres prenguin mesures per millorar l&#8217;entorn ac\u00fastic dels seus espais.<\/p>\n<p><strong>El soroll com a barrera per a l&#8217;aprenentatge<\/strong><\/p>\n<p>Quan els alumnes no senten b\u00e9, se n&#8217;inhibeix la capacitat d&#8217;aprenentatge. Les investigacions han demostrat que l&#8217;exposici\u00f3 a un soroll excessiu a l&#8217;entorn de l&#8217;aula pot provocar una disminuci\u00f3 del rendiment acad\u00e8mic, l&#8217;ansietat i la menor atenci\u00f3. A m\u00e9s, els entorns sorollosos s&#8217;han relacionat amb una incid\u00e8ncia m\u00e9s gran de l&#8217;estr\u00e8s i l&#8217;ansietat en nens i adolescents, cosa que condueix a nivells m\u00e9s baixos de benestar general. L&#8217;impacte del soroll en l&#8217;aprenentatge i el benestar \u00e9s tan gran que pot provocar un problema anomenat &#8220;deteriorament cognitiu indu\u00eft pel soroll&#8221;, que pot afectar significativament el potencial acad\u00e8mic de l&#8217;alumne.<\/p>\n<p><strong>El problema del soroll a les escoles<\/strong><\/p>\n<p>Malauradament, moltes aules i entorns educatius actualment no afavoreixen un entorn d&#8217;aprenentatge tranquil i pac\u00edfic. Moltes escoles estan situades a prop de carrers concorreguts, vies de tren o altres fonts de soroll, i aquestes fonts externes de soroll poden infiltrar-se f\u00e0cilment a les aules, dificultant la concentraci\u00f3 dels alumnes. A m\u00e9s, la majoria estan superpoblades, per la qual cosa el soroll generat per alumnes i professors pot generar un camp de soroll reverberant que agreugi encara m\u00e9s el problema. A aix\u00f2 se li afegeix que molts edificis educatius estan antiquats i no s&#8217;han dissenyat tenint en compte l&#8217;ac\u00fastica, cosa que provoca reverberaci\u00f3 del so i la creaci\u00f3 de \u201cpunts calents\u201d de soroll que poden ser especialment molestos.<\/p>\n<p><strong>Manera de millorar l&#8217;entorn ac\u00fastic dels espais educatius<\/strong><\/p>\n<p>Per abordar el problema del soroll a les escoles, cal que aquestes apliquin estrat\u00e8gies i tecnologies que millorin l&#8217;entorn ac\u00fastic dels espais educatius. Una de les formes m\u00e9s eficaces de fer-ho \u00e9s invertir en la instal\u00b7laci\u00f3 de materials fonoabsorbents a les aules i altres espais educatius. Els materials fonoabsorbents, com ara panells ac\u00fastics i cortines, poden ajudar a esmorteir els sons i crear un entorn m\u00e9s silenci\u00f3s. A m\u00e9s, les escoles poden implantar barreres visuals i ac\u00fastiques, com ara envans i separadors d&#8217;ambients, per reduir la transmissi\u00f3 del so entre les diferents zones de l&#8217;escola. Les escoles tamb\u00e9 poden invertir en tecnologia, com ara m\u00e0quines de soroll blanc i sistemes d&#8217;emmascarament del so, per ajudar a reduir l&#8217;impacte del soroll a l&#8217;aula. Finalment, els centres poden posar en marxa programes educatius destinats a ensenyar a alumnes i professors la import\u00e0ncia de la bona conducta i uns nivells de soroll adequats a l&#8217;aula.<\/p>\n<p>La <strong>contaminaci\u00f3 ac\u00fastica<\/strong> a les escoles \u00e9s un obstacle important per a l&#8217;aprenentatge i el benestar, i \u00e9s essencial que els centres facin passos per millorar l&#8217;entorn ac\u00fastic de les seves aules i centres educatius. Aplicant estrat\u00e8gies i tecnologies per reduir l&#8217;impacte del soroll, els centres escolars poden contribuir a crear un entorn d&#8217;aprenentatge m\u00e9s pac\u00edfic i promoure l&#8217;\u00e8xit acad\u00e8mic dels alumnes.<\/p>\n<p><strong>A Mac\u00fastica<\/strong> teniu a la vostra disposici\u00f3 els millors productes per perfeccionar l&#8217;acondicionament d&#8217;espais laborals, sempre pensant que aconseguiu l&#8217;ac\u00fastica ideal per aconseguir l&#8217;harmonia perfecta.<\/p>\n","protected":false},"excerpt":{"rendered":"<p>Al m\u00f3n modern, les escoles i institucions educatives s&#8217;enfronten a un repte constant per superar problemes quotidians com l&#8217;amuntegament, la manca de fons i de recursos adequats. Tot i aix\u00f2, potser un dels problemes que m\u00e9s es passen per alt \u00e9s el dels entorns ac\u00fastics deficients. La contaminaci\u00f3 ac\u00fastica a les escoles i aules pot [&hellip;]<\/p>\n","protected":false},"author":2,"featured_media":4247,"comment_status":"open","ping_status":"open","sticky":false,"template":"","format":"standard","meta":{"site-sidebar-layout":"default","site-content-layout":"","ast-site-content-layout":"default","site-content-style":"default","site-sidebar-style":"default","ast-global-header-display":"","ast-banner-title-visibility":"","ast-main-header-display":"","ast-hfb-above-header-display":"","ast-hfb-below-header-display":"","ast-hfb-mobile-header-display":"","site-post-title":"","ast-breadcrumbs-content":"","ast-featured-img":"","footer-sml-layout":"","theme-transparent-header-meta":"default","adv-header-id-meta":"","stick-header-meta":"default","header-above-stick-meta":"","header-main-stick-meta":"","header-below-stick-meta":"","astra-migrate-meta-layouts":"set","ast-page-background-enabled":"default","ast-page-background-meta":{"desktop":{"background-color":"","background-image":"","background-repeat":"repeat","background-position":"center center","background-size":"auto","background-attachment":"scroll","background-type":"","background-media":"","overlay-type":"","overlay-color":"","overlay-opacity":"","overlay-gradient":""},"tablet":{"background-color":"","background-image":"","background-repeat":"repeat","background-position":"center center","background-size":"auto","background-attachment":"scroll","background-type":"","background-media":"","overlay-type":"","overlay-color":"","overlay-opacity":"","overlay-gradient":""},"mobile":{"background-color":"","background-image":"","background-repeat":"repeat","background-position":"center center","background-size":"auto","background-attachment":"scroll","background-type":"","background-media":"","overlay-type":"","overlay-color":"","overlay-opacity":"","overlay-gradient":""}},"ast-content-background-meta":{"desktop":{"background-color":"var(--ast-global-color-5)","background-image":"","background-repeat":"repeat","background-position":"center center","background-size":"auto","background-attachment":"scroll","background-type":"","background-media":"","overlay-type":"","overlay-color":"","overlay-opacity":"","overlay-gradient":""},"tablet":{"background-color":"var(--ast-global-color-5)","background-image":"","background-repeat":"repeat","background-position":"center center","background-size":"auto","background-attachment":"scroll","background-type":"","background-media":"","overlay-type":"","overlay-color":"","overlay-opacity":"","overlay-gradient":""},"mobile":{"background-color":"var(--ast-global-color-5)","background-image":"","background-repeat":"repeat","background-position":"center center","background-size":"auto","background-attachment":"scroll","background-type":"","background-media":"","overlay-type":"","overlay-color":"","overlay-opacity":"","overlay-gradient":""}},"footnotes":""},"categories":[158,156],"tags":[163,161,162],"class_list":["post-4251","post","type-post","status-publish","format-standard","has-post-thumbnail","hentry","category-ambiental-ca","category-condicionament","tag-aillament","tag-condicionament-acustic","tag-macusticaingenieria-ca"],"yoast_head":"<!-- This site is optimized with the Yoast SEO plugin v26.4 - https:\/\/yoast.com\/wordpress\/plugins\/seo\/ -->\n<title>La necessitat de millorar l&#039;entorn ac\u00fastic als centres educatius - Macustica<\/title>\n<meta name=\"robots\" content=\"index, follow, max-snippet:-1, max-image-preview:large, max-video-preview:-1\" \/>\n<link rel=\"canonical\" href=\"https:\/\/macustica.com\/ca\/la-necessitat-de-millorar-lentorn-acustic-als-centres-educatius\/\" \/>\n<meta property=\"og:locale\" content=\"ca_ES\" \/>\n<meta property=\"og:type\" content=\"article\" \/>\n<meta property=\"og:title\" content=\"La necessitat de millorar l&#039;entorn ac\u00fastic als centres educatius - Macustica\" \/>\n<meta property=\"og:description\" content=\"Al m\u00f3n modern, les escoles i institucions educatives s&#8217;enfronten a un repte constant per superar problemes quotidians com l&#8217;amuntegament, la manca de fons i de recursos adequats. Tot i aix\u00f2, potser un dels problemes que m\u00e9s es passen per alt \u00e9s el dels entorns ac\u00fastics deficients. La contaminaci\u00f3 ac\u00fastica a les escoles i aules pot [&hellip;]\" \/>\n<meta property=\"og:url\" content=\"https:\/\/macustica.com\/ca\/la-necessitat-de-millorar-lentorn-acustic-als-centres-educatius\/\" \/>\n<meta property=\"og:site_name\" content=\"Macustica\" \/>\n<meta property=\"article:publisher\" content=\"https:\/\/www.facebook.com\/macusticaingenieria\/?ref=bookmarks\" \/>\n<meta property=\"article:published_time\" content=\"2024-06-19T11:12:38+00:00\" \/>\n<meta property=\"article:modified_time\" content=\"2024-06-19T11:13:27+00:00\" \/>\n<meta property=\"og:image\" content=\"https:\/\/macustica.com\/wp-content\/uploads\/2024\/06\/La-Lana-de-Roca-2.jpg\" \/>\n\t<meta property=\"og:image:width\" content=\"1200\" \/>\n\t<meta property=\"og:image:height\" content=\"800\" \/>\n\t<meta property=\"og:image:type\" content=\"image\/jpeg\" \/>\n<meta name=\"author\" content=\"Macustica\" \/>\n<meta name=\"twitter:card\" content=\"summary_large_image\" \/>\n<meta name=\"twitter:creator\" content=\"@m_acustica\" \/>\n<meta name=\"twitter:site\" content=\"@m_acustica\" \/>\n<meta name=\"twitter:label1\" content=\"Escrit per\" \/>\n\t<meta name=\"twitter:data1\" content=\"Macustica\" \/>\n\t<meta name=\"twitter:label2\" content=\"Temps estimat de lectura\" \/>\n\t<meta name=\"twitter:data2\" content=\"3 minuts\" \/>\n<script type=\"application\/ld+json\" class=\"yoast-schema-graph\">{\"@context\":\"https:\/\/schema.org\",\"@graph\":[{\"@type\":\"Article\",\"@id\":\"https:\/\/macustica.com\/ca\/la-necessitat-de-millorar-lentorn-acustic-als-centres-educatius\/#article\",\"isPartOf\":{\"@id\":\"https:\/\/macustica.com\/ca\/la-necessitat-de-millorar-lentorn-acustic-als-centres-educatius\/\"},\"author\":{\"name\":\"Macustica\",\"@id\":\"https:\/\/macustica.com\/ca\/#\/schema\/person\/1b727b2f27c62ab8c2bf3d3eb99c2d48\"},\"headline\":\"La necessitat de millorar l&#8217;entorn ac\u00fastic als centres educatius\",\"datePublished\":\"2024-06-19T11:12:38+00:00\",\"dateModified\":\"2024-06-19T11:13:27+00:00\",\"mainEntityOfPage\":{\"@id\":\"https:\/\/macustica.com\/ca\/la-necessitat-de-millorar-lentorn-acustic-als-centres-educatius\/\"},\"wordCount\":647,\"commentCount\":0,\"publisher\":{\"@id\":\"https:\/\/macustica.com\/ca\/#organization\"},\"image\":{\"@id\":\"https:\/\/macustica.com\/ca\/la-necessitat-de-millorar-lentorn-acustic-als-centres-educatius\/#primaryimage\"},\"thumbnailUrl\":\"https:\/\/macustica.com\/wp-content\/uploads\/2024\/06\/La-Lana-de-Roca-2.jpg\",\"keywords\":[\"#a\u00efllament\",\"#condicionament ac\u00fastic\",\"#macusticaingenieria\"],\"articleSection\":[\"Ambiental\",\"Condicionament\"],\"inLanguage\":\"ca\",\"potentialAction\":[{\"@type\":\"CommentAction\",\"name\":\"Comment\",\"target\":[\"https:\/\/macustica.com\/ca\/la-necessitat-de-millorar-lentorn-acustic-als-centres-educatius\/#respond\"]}]},{\"@type\":\"WebPage\",\"@id\":\"https:\/\/macustica.com\/ca\/la-necessitat-de-millorar-lentorn-acustic-als-centres-educatius\/\",\"url\":\"https:\/\/macustica.com\/ca\/la-necessitat-de-millorar-lentorn-acustic-als-centres-educatius\/\",\"name\":\"La necessitat de millorar l'entorn ac\u00fastic als centres educatius - Macustica\",\"isPartOf\":{\"@id\":\"https:\/\/macustica.com\/ca\/#website\"},\"primaryImageOfPage\":{\"@id\":\"https:\/\/macustica.com\/ca\/la-necessitat-de-millorar-lentorn-acustic-als-centres-educatius\/#primaryimage\"},\"image\":{\"@id\":\"https:\/\/macustica.com\/ca\/la-necessitat-de-millorar-lentorn-acustic-als-centres-educatius\/#primaryimage\"},\"thumbnailUrl\":\"https:\/\/macustica.com\/wp-content\/uploads\/2024\/06\/La-Lana-de-Roca-2.jpg\",\"datePublished\":\"2024-06-19T11:12:38+00:00\",\"dateModified\":\"2024-06-19T11:13:27+00:00\",\"breadcrumb\":{\"@id\":\"https:\/\/macustica.com\/ca\/la-necessitat-de-millorar-lentorn-acustic-als-centres-educatius\/#breadcrumb\"},\"inLanguage\":\"ca\",\"potentialAction\":[{\"@type\":\"ReadAction\",\"target\":[\"https:\/\/macustica.com\/ca\/la-necessitat-de-millorar-lentorn-acustic-als-centres-educatius\/\"]}]},{\"@type\":\"ImageObject\",\"inLanguage\":\"ca\",\"@id\":\"https:\/\/macustica.com\/ca\/la-necessitat-de-millorar-lentorn-acustic-als-centres-educatius\/#primaryimage\",\"url\":\"https:\/\/macustica.com\/wp-content\/uploads\/2024\/06\/La-Lana-de-Roca-2.jpg\",\"contentUrl\":\"https:\/\/macustica.com\/wp-content\/uploads\/2024\/06\/La-Lana-de-Roca-2.jpg\",\"width\":1200,\"height\":800},{\"@type\":\"BreadcrumbList\",\"@id\":\"https:\/\/macustica.com\/ca\/la-necessitat-de-millorar-lentorn-acustic-als-centres-educatius\/#breadcrumb\",\"itemListElement\":[{\"@type\":\"ListItem\",\"position\":1,\"name\":\"Portada\",\"item\":\"https:\/\/macustica.com\/ca\/inici\/\"},{\"@type\":\"ListItem\",\"position\":2,\"name\":\"La necessitat de millorar l&#8217;entorn ac\u00fastic als centres educatius\"}]},{\"@type\":\"WebSite\",\"@id\":\"https:\/\/macustica.com\/ca\/#website\",\"url\":\"https:\/\/macustica.com\/ca\/\",\"name\":\"Macustica\",\"description\":\"\",\"publisher\":{\"@id\":\"https:\/\/macustica.com\/ca\/#organization\"},\"potentialAction\":[{\"@type\":\"SearchAction\",\"target\":{\"@type\":\"EntryPoint\",\"urlTemplate\":\"https:\/\/macustica.com\/ca\/?s={search_term_string}\"},\"query-input\":{\"@type\":\"PropertyValueSpecification\",\"valueRequired\":true,\"valueName\":\"search_term_string\"}}],\"inLanguage\":\"ca\"},{\"@type\":\"Organization\",\"@id\":\"https:\/\/macustica.com\/ca\/#organization\",\"name\":\"Mac\u00fastica\",\"alternateName\":\"Mac\u00fastica\",\"url\":\"https:\/\/macustica.com\/ca\/\",\"logo\":{\"@type\":\"ImageObject\",\"inLanguage\":\"ca\",\"@id\":\"https:\/\/macustica.com\/ca\/#\/schema\/logo\/image\/\",\"url\":\"https:\/\/macustica.com\/wp-content\/uploads\/2023\/03\/logo-macustica.png\",\"contentUrl\":\"https:\/\/macustica.com\/wp-content\/uploads\/2023\/03\/logo-macustica.png\",\"width\":300,\"height\":85,\"caption\":\"Mac\u00fastica\"},\"image\":{\"@id\":\"https:\/\/macustica.com\/ca\/#\/schema\/logo\/image\/\"},\"sameAs\":[\"https:\/\/www.facebook.com\/macusticaingenieria\/?ref=bookmarks\",\"https:\/\/x.com\/m_acustica\",\"https:\/\/www.instagram.com\/macustica\/\",\"https:\/\/www.linkedin.com\/company\/15081962?trk=tyah&trkInfo=clickedVerticalcompanyclickedEntityId15081962idx1-1-1tarId1472140082122tasmacustica\"]},{\"@type\":\"Person\",\"@id\":\"https:\/\/macustica.com\/ca\/#\/schema\/person\/1b727b2f27c62ab8c2bf3d3eb99c2d48\",\"name\":\"Macustica\",\"image\":{\"@type\":\"ImageObject\",\"inLanguage\":\"ca\",\"@id\":\"https:\/\/macustica.com\/ca\/#\/schema\/person\/image\/\",\"url\":\"https:\/\/secure.gravatar.com\/avatar\/66a697ef76d4b39944b7141d440b2bb3803a894870f6e12cc93dfdf304fd975d?s=96&d=mm&r=g\",\"contentUrl\":\"https:\/\/secure.gravatar.com\/avatar\/66a697ef76d4b39944b7141d440b2bb3803a894870f6e12cc93dfdf304fd975d?s=96&d=mm&r=g\",\"caption\":\"Macustica\"}}]}<\/script>\n<!-- \/ Yoast SEO plugin. -->","yoast_head_json":{"title":"La necessitat de millorar l'entorn ac\u00fastic als centres educatius - Macustica","robots":{"index":"index","follow":"follow","max-snippet":"max-snippet:-1","max-image-preview":"max-image-preview:large","max-video-preview":"max-video-preview:-1"},"canonical":"https:\/\/macustica.com\/ca\/la-necessitat-de-millorar-lentorn-acustic-als-centres-educatius\/","og_locale":"ca_ES","og_type":"article","og_title":"La necessitat de millorar l'entorn ac\u00fastic als centres educatius - Macustica","og_description":"Al m\u00f3n modern, les escoles i institucions educatives s&#8217;enfronten a un repte constant per superar problemes quotidians com l&#8217;amuntegament, la manca de fons i de recursos adequats. Tot i aix\u00f2, potser un dels problemes que m\u00e9s es passen per alt \u00e9s el dels entorns ac\u00fastics deficients. La contaminaci\u00f3 ac\u00fastica a les escoles i aules pot [&hellip;]","og_url":"https:\/\/macustica.com\/ca\/la-necessitat-de-millorar-lentorn-acustic-als-centres-educatius\/","og_site_name":"Macustica","article_publisher":"https:\/\/www.facebook.com\/macusticaingenieria\/?ref=bookmarks","article_published_time":"2024-06-19T11:12:38+00:00","article_modified_time":"2024-06-19T11:13:27+00:00","og_image":[{"width":1200,"height":800,"url":"https:\/\/macustica.com\/wp-content\/uploads\/2024\/06\/La-Lana-de-Roca-2.jpg","type":"image\/jpeg"}],"author":"Macustica","twitter_card":"summary_large_image","twitter_creator":"@m_acustica","twitter_site":"@m_acustica","twitter_misc":{"Escrit per":"Macustica","Temps estimat de lectura":"3 minuts"},"schema":{"@context":"https:\/\/schema.org","@graph":[{"@type":"Article","@id":"https:\/\/macustica.com\/ca\/la-necessitat-de-millorar-lentorn-acustic-als-centres-educatius\/#article","isPartOf":{"@id":"https:\/\/macustica.com\/ca\/la-necessitat-de-millorar-lentorn-acustic-als-centres-educatius\/"},"author":{"name":"Macustica","@id":"https:\/\/macustica.com\/ca\/#\/schema\/person\/1b727b2f27c62ab8c2bf3d3eb99c2d48"},"headline":"La necessitat de millorar l&#8217;entorn ac\u00fastic als centres educatius","datePublished":"2024-06-19T11:12:38+00:00","dateModified":"2024-06-19T11:13:27+00:00","mainEntityOfPage":{"@id":"https:\/\/macustica.com\/ca\/la-necessitat-de-millorar-lentorn-acustic-als-centres-educatius\/"},"wordCount":647,"commentCount":0,"publisher":{"@id":"https:\/\/macustica.com\/ca\/#organization"},"image":{"@id":"https:\/\/macustica.com\/ca\/la-necessitat-de-millorar-lentorn-acustic-als-centres-educatius\/#primaryimage"},"thumbnailUrl":"https:\/\/macustica.com\/wp-content\/uploads\/2024\/06\/La-Lana-de-Roca-2.jpg","keywords":["#a\u00efllament","#condicionament ac\u00fastic","#macusticaingenieria"],"articleSection":["Ambiental","Condicionament"],"inLanguage":"ca","potentialAction":[{"@type":"CommentAction","name":"Comment","target":["https:\/\/macustica.com\/ca\/la-necessitat-de-millorar-lentorn-acustic-als-centres-educatius\/#respond"]}]},{"@type":"WebPage","@id":"https:\/\/macustica.com\/ca\/la-necessitat-de-millorar-lentorn-acustic-als-centres-educatius\/","url":"https:\/\/macustica.com\/ca\/la-necessitat-de-millorar-lentorn-acustic-als-centres-educatius\/","name":"La necessitat de millorar l'entorn ac\u00fastic als centres educatius - Macustica","isPartOf":{"@id":"https:\/\/macustica.com\/ca\/#website"},"primaryImageOfPage":{"@id":"https:\/\/macustica.com\/ca\/la-necessitat-de-millorar-lentorn-acustic-als-centres-educatius\/#primaryimage"},"image":{"@id":"https:\/\/macustica.com\/ca\/la-necessitat-de-millorar-lentorn-acustic-als-centres-educatius\/#primaryimage"},"thumbnailUrl":"https:\/\/macustica.com\/wp-content\/uploads\/2024\/06\/La-Lana-de-Roca-2.jpg","datePublished":"2024-06-19T11:12:38+00:00","dateModified":"2024-06-19T11:13:27+00:00","breadcrumb":{"@id":"https:\/\/macustica.com\/ca\/la-necessitat-de-millorar-lentorn-acustic-als-centres-educatius\/#breadcrumb"},"inLanguage":"ca","potentialAction":[{"@type":"ReadAction","target":["https:\/\/macustica.com\/ca\/la-necessitat-de-millorar-lentorn-acustic-als-centres-educatius\/"]}]},{"@type":"ImageObject","inLanguage":"ca","@id":"https:\/\/macustica.com\/ca\/la-necessitat-de-millorar-lentorn-acustic-als-centres-educatius\/#primaryimage","url":"https:\/\/macustica.com\/wp-content\/uploads\/2024\/06\/La-Lana-de-Roca-2.jpg","contentUrl":"https:\/\/macustica.com\/wp-content\/uploads\/2024\/06\/La-Lana-de-Roca-2.jpg","width":1200,"height":800},{"@type":"BreadcrumbList","@id":"https:\/\/macustica.com\/ca\/la-necessitat-de-millorar-lentorn-acustic-als-centres-educatius\/#breadcrumb","itemListElement":[{"@type":"ListItem","position":1,"name":"Portada","item":"https:\/\/macustica.com\/ca\/inici\/"},{"@type":"ListItem","position":2,"name":"La necessitat de millorar l&#8217;entorn ac\u00fastic als centres educatius"}]},{"@type":"WebSite","@id":"https:\/\/macustica.com\/ca\/#website","url":"https:\/\/macustica.com\/ca\/","name":"Macustica","description":"","publisher":{"@id":"https:\/\/macustica.com\/ca\/#organization"},"potentialAction":[{"@type":"SearchAction","target":{"@type":"EntryPoint","urlTemplate":"https:\/\/macustica.com\/ca\/?s={search_term_string}"},"query-input":{"@type":"PropertyValueSpecification","valueRequired":true,"valueName":"search_term_string"}}],"inLanguage":"ca"},{"@type":"Organization","@id":"https:\/\/macustica.com\/ca\/#organization","name":"Mac\u00fastica","alternateName":"Mac\u00fastica","url":"https:\/\/macustica.com\/ca\/","logo":{"@type":"ImageObject","inLanguage":"ca","@id":"https:\/\/macustica.com\/ca\/#\/schema\/logo\/image\/","url":"https:\/\/macustica.com\/wp-content\/uploads\/2023\/03\/logo-macustica.png","contentUrl":"https:\/\/macustica.com\/wp-content\/uploads\/2023\/03\/logo-macustica.png","width":300,"height":85,"caption":"Mac\u00fastica"},"image":{"@id":"https:\/\/macustica.com\/ca\/#\/schema\/logo\/image\/"},"sameAs":["https:\/\/www.facebook.com\/macusticaingenieria\/?ref=bookmarks","https:\/\/x.com\/m_acustica","https:\/\/www.instagram.com\/macustica\/","https:\/\/www.linkedin.com\/company\/15081962?trk=tyah&trkInfo=clickedVerticalcompanyclickedEntityId15081962idx1-1-1tarId1472140082122tasmacustica"]},{"@type":"Person","@id":"https:\/\/macustica.com\/ca\/#\/schema\/person\/1b727b2f27c62ab8c2bf3d3eb99c2d48","name":"Macustica","image":{"@type":"ImageObject","inLanguage":"ca","@id":"https:\/\/macustica.com\/ca\/#\/schema\/person\/image\/","url":"https:\/\/secure.gravatar.com\/avatar\/66a697ef76d4b39944b7141d440b2bb3803a894870f6e12cc93dfdf304fd975d?s=96&d=mm&r=g","contentUrl":"https:\/\/secure.gravatar.com\/avatar\/66a697ef76d4b39944b7141d440b2bb3803a894870f6e12cc93dfdf304fd975d?s=96&d=mm&r=g","caption":"Macustica"}}]}},"_links":{"self":[{"href":"https:\/\/macustica.com\/ca\/wp-json\/wp\/v2\/posts\/4251","targetHints":{"allow":["GET"]}}],"collection":[{"href":"https:\/\/macustica.com\/ca\/wp-json\/wp\/v2\/posts"}],"about":[{"href":"https:\/\/macustica.com\/ca\/wp-json\/wp\/v2\/types\/post"}],"author":[{"embeddable":true,"href":"https:\/\/macustica.com\/ca\/wp-json\/wp\/v2\/users\/2"}],"replies":[{"embeddable":true,"href":"https:\/\/macustica.com\/ca\/wp-json\/wp\/v2\/comments?post=4251"}],"version-history":[{"count":1,"href":"https:\/\/macustica.com\/ca\/wp-json\/wp\/v2\/posts\/4251\/revisions"}],"predecessor-version":[{"id":4252,"href":"https:\/\/macustica.com\/ca\/wp-json\/wp\/v2\/posts\/4251\/revisions\/4252"}],"wp:featuredmedia":[{"embeddable":true,"href":"https:\/\/macustica.com\/ca\/wp-json\/wp\/v2\/media\/4247"}],"wp:attachment":[{"href":"https:\/\/macustica.com\/ca\/wp-json\/wp\/v2\/media?parent=4251"}],"wp:term":[{"taxonomy":"category","embeddable":true,"href":"https:\/\/macustica.com\/ca\/wp-json\/wp\/v2\/categories?post=4251"},{"taxonomy":"post_tag","embeddable":true,"href":"https:\/\/macustica.com\/ca\/wp-json\/wp\/v2\/tags?post=4251"}],"curies":[{"name":"wp","href":"https:\/\/api.w.org\/{rel}","templated":true}]}}