{"id":4134,"date":"2023-01-16T10:10:46","date_gmt":"2023-01-16T09:10:46","guid":{"rendered":"https:\/\/macustica.com\/?p=4134"},"modified":"2024-01-18T12:58:14","modified_gmt":"2024-01-18T11:58:14","slug":"el-soroll-ambiental-a-les-ciutats-habitatges-i-com-controlar-lo","status":"publish","type":"post","link":"https:\/\/macustica.com\/ca\/el-soroll-ambiental-a-les-ciutats-habitatges-i-com-controlar-lo\/","title":{"rendered":"El soroll ambiental a les ciutats, habitatges i com controlar-lo"},"content":{"rendered":"<p>Quan parlem de soroll ambiental, ens referim a l&#8217;exc\u00e9s de so que altera les condicions normals a l&#8217;ambient d&#8217;una \u00e0rea determinada.<\/p>\n<p>La <strong>contaminaci\u00f3 ac\u00fastica a les ciutats<\/strong> \u00e9s de les preocupacions m\u00e9s grans de salubritat que tenen les autoritats. Les condicions socials existents s\u00f3n les que n&#8217;afavoreixen l&#8217;aparici\u00f3, ja que els or\u00edgens d&#8217;aquests sons tan molestos s\u00f3n propis de la vida quotidiana: <strong>vehicles de transport, activitats de lleure o tr\u00e0nsit urb\u00e0<\/strong>, entre d&#8217;altres.<\/p>\n<h2>Problema del soroll ambiental a les ciutats<\/h2>\n<p>El soroll ambiental es considera un dels problemes m\u00e9s grans que influeixen en la qualitat de vida de la poblaci\u00f3. El renou, encara que no es mant\u00e9 o acumula com altres tipus d&#8217;agents contaminants, pot originar danys a les persones, disminuint-ne la qualitat de vida i <strong>afectant-ne greument la salut<\/strong>; \u00e9s tan important que pot tenir repercussi\u00f3 a la legislaci\u00f3 laboral. Tant \u00e9s aix\u00ed, que dia a dia creix el nombre de sent\u00e8ncies que identifiquen el soroll com a factor de risc sanitari, acceptant la hipoac\u00fasia com a accident laboral causat pel soroll excessiu.<\/p>\n<h2>Control del soroll ambiental a la vida di\u00e0ria<\/h2>\n<p>Per prevenir els danys ocasionats per la contaminaci\u00f3 ac\u00fastica, podeu:<\/p>\n<h3>&#8211;\u00a0\u00a0\u00a0\u00a0\u00a0 Controlar el volum de la veu<\/h3>\n<p>Controlar el to de veu en mantenir una conversa \u00e9s for\u00e7a important. Evitar els <strong>crits pertorbadors<\/strong> \u00e9s fonamental, encara que sabem que \u00e9s dif\u00edcil per a algunes persones aconseguir-ho, per\u00f2 \u00e9s una cosa que realment val la pena.<\/p>\n<h3>&#8211;\u00a0\u00a0\u00a0\u00a0\u00a0 Evitar la m\u00fasica a tot volum<\/h3>\n<p>\u00c9s millor escoltar m\u00fasica amb un volum moderat als aparells electr\u00f2nics, no nom\u00e9s en aquells orientats a escoltar m\u00fasica, sin\u00f3 tamb\u00e9 a la televisi\u00f3 oa qualsevol altre. Gaudir\u00e0s m\u00e9s i <strong>evitar\u00e0s molestar els teus ve\u00efns<\/strong>.<\/p>\n<h3>&#8211;\u00a0\u00a0\u00a0\u00a0\u00a0 Evitar els cops de porta<\/h3>\n<p>Aquest soroll \u00e9s molt molest i \u00e9s recomanable evitar-ho.<\/p>\n<h3>&#8211;\u00a0\u00a0\u00a0\u00a0\u00a0 No utilitzar electrodom\u00e8stics sorollosos a certes hores<\/h3>\n<p>Evita utilitzar <strong>rentadores, assecadores o liquadores<\/strong>, entre d&#8217;altres, en hores clau per al descans, com despr\u00e9s de dinar o altes hores de la nit.<\/p>\n<h3>&#8211;\u00a0\u00a0\u00a0\u00a0\u00a0 Sol\u00b7licitar permisos per a reformes<\/h3>\n<p>Tamb\u00e9 \u00e9s bo aprofitar les hores del dia per fer les reformes a casa. \u00c9s <strong>important no entorpir el descans personal<\/strong>.<\/p>\n<h3>&#8211;\u00a0\u00a0\u00a0\u00a0\u00a0 Evitar sorolls amb el vehicle<\/h3>\n<p>No utilitzeu el cl\u00e0xon del cotxe si no \u00e9s un cas d&#8217;emerg\u00e8ncia.<\/p>\n<h3>&#8211;\u00a0\u00a0\u00a0\u00a0\u00a0 Compte amb les mascotes<\/h3>\n<p>En cas de tenir-ne, controla que no interfereixin en el descans i la tranquil\u00b7litat dels teus ve\u00efns.<\/p>\n<h3>&#8211;\u00a0\u00a0\u00a0\u00a0\u00a0 Insonoritzaci\u00f3 de llocs<\/h3>\n<p>A banda de la pr\u00f2pia conscienciaci\u00f3, a les ciutats i habitatges recorrem a m\u00e8todes materials per frenar el soroll ambiental i als habitatges. Ens referim a instal\u00b7lar pantalles i barreres ac\u00fastiques per a la reducci\u00f3 completa dels forts sons originats per ferrocarrils, aeroports, autopistes, centrals d\u2019energia, transformadors el\u00e8ctrics, centres reguladors de gas, estacions per al bombament d\u2019aigua, generadors, compressors, motors, bombes , refrigeradors, tr\u00e0nsit automotor als carrers, etc.<\/p>\n<h2>Mac\u00fastica: el teu millor aliat contra el soroll ambiental<\/h2>\n<p>A <a href=\"https:\/\/macustica.com\/\"><strong><span style=\"color: blue;\">Mac\u00fastica<\/span><\/strong><\/a> posem a la teva disposici\u00f3 els serveis del millor equip d&#8217;especialistes contra el soroll ambiental a ciutats perqu\u00e8 aconsegueixis controlar-lo als teus espais quotidians i <strong>millorar la teva qualitat de vida<\/strong>.<\/p>\n<p>Estem especialitzats en l&#8217;absorci\u00f3 ac\u00fastica i la insonoritzaci\u00f3 d&#8217;espais.<\/p>\n<p>Contacta&#8217;ns!<\/p>\n","protected":false},"excerpt":{"rendered":"<p>Quan parlem de soroll ambiental, ens referim a l&#8217;exc\u00e9s de so que altera les condicions normals a l&#8217;ambient d&#8217;una \u00e0rea determinada. La contaminaci\u00f3 ac\u00fastica a les ciutats \u00e9s de les preocupacions m\u00e9s grans de salubritat que tenen les autoritats. Les condicions socials existents s\u00f3n les que n&#8217;afavoreixen l&#8217;aparici\u00f3, ja que els or\u00edgens d&#8217;aquests sons tan [&hellip;]<\/p>\n","protected":false},"author":2,"featured_media":4135,"comment_status":"open","ping_status":"open","sticky":false,"template":"","format":"standard","meta":{"site-sidebar-layout":"default","site-content-layout":"default","ast-site-content-layout":"","site-content-style":"default","site-sidebar-style":"default","ast-global-header-display":"","ast-banner-title-visibility":"","ast-main-header-display":"","ast-hfb-above-header-display":"","ast-hfb-below-header-display":"","ast-hfb-mobile-header-display":"","site-post-title":"","ast-breadcrumbs-content":"","ast-featured-img":"","footer-sml-layout":"","theme-transparent-header-meta":"default","adv-header-id-meta":"","stick-header-meta":"default","header-above-stick-meta":"","header-main-stick-meta":"","header-below-stick-meta":"","astra-migrate-meta-layouts":"default","ast-page-background-enabled":"default","ast-page-background-meta":{"desktop":{"background-color":"","background-image":"","background-repeat":"repeat","background-position":"center center","background-size":"auto","background-attachment":"scroll","background-type":"","background-media":"","overlay-type":"","overlay-color":"","overlay-opacity":"","overlay-gradient":""},"tablet":{"background-color":"","background-image":"","background-repeat":"repeat","background-position":"center center","background-size":"auto","background-attachment":"scroll","background-type":"","background-media":"","overlay-type":"","overlay-color":"","overlay-opacity":"","overlay-gradient":""},"mobile":{"background-color":"","background-image":"","background-repeat":"repeat","background-position":"center center","background-size":"auto","background-attachment":"scroll","background-type":"","background-media":"","overlay-type":"","overlay-color":"","overlay-opacity":"","overlay-gradient":""}},"ast-content-background-meta":{"desktop":{"background-color":"var(--ast-global-color-5)","background-image":"","background-repeat":"repeat","background-position":"center center","background-size":"auto","background-attachment":"scroll","background-type":"","background-media":"","overlay-type":"","overlay-color":"","overlay-opacity":"","overlay-gradient":""},"tablet":{"background-color":"var(--ast-global-color-5)","background-image":"","background-repeat":"repeat","background-position":"center center","background-size":"auto","background-attachment":"scroll","background-type":"","background-media":"","overlay-type":"","overlay-color":"","overlay-opacity":"","overlay-gradient":""},"mobile":{"background-color":"var(--ast-global-color-5)","background-image":"","background-repeat":"repeat","background-position":"center center","background-size":"auto","background-attachment":"scroll","background-type":"","background-media":"","overlay-type":"","overlay-color":"","overlay-opacity":"","overlay-gradient":""}},"footnotes":""},"categories":[156],"tags":[161,159,162,160],"class_list":["post-4134","post","type-post","status-publish","format-standard","has-post-thumbnail","hentry","category-condicionament","tag-condicionament-acustic","tag-macustica-ca","tag-macusticaingenieria-ca","tag-acusticca-ca"],"yoast_head":"<!-- This site is optimized with the Yoast SEO plugin v26.4 - https:\/\/yoast.com\/wordpress\/plugins\/seo\/ -->\n<title>El soroll ambiental a les ciutats, habitatges i com controlar-lo - Macustica<\/title>\n<meta name=\"robots\" content=\"index, follow, max-snippet:-1, max-image-preview:large, max-video-preview:-1\" \/>\n<link rel=\"canonical\" href=\"https:\/\/macustica.com\/ca\/el-soroll-ambiental-a-les-ciutats-habitatges-i-com-controlar-lo\/\" \/>\n<meta property=\"og:locale\" content=\"ca_ES\" \/>\n<meta property=\"og:type\" content=\"article\" \/>\n<meta property=\"og:title\" content=\"El soroll ambiental a les ciutats, habitatges i com controlar-lo - Macustica\" \/>\n<meta property=\"og:description\" content=\"Quan parlem de soroll ambiental, ens referim a l&#8217;exc\u00e9s de so que altera les condicions normals a l&#8217;ambient d&#8217;una \u00e0rea determinada. La contaminaci\u00f3 ac\u00fastica a les ciutats \u00e9s de les preocupacions m\u00e9s grans de salubritat que tenen les autoritats. Les condicions socials existents s\u00f3n les que n&#8217;afavoreixen l&#8217;aparici\u00f3, ja que els or\u00edgens d&#8217;aquests sons tan [&hellip;]\" \/>\n<meta property=\"og:url\" content=\"https:\/\/macustica.com\/ca\/el-soroll-ambiental-a-les-ciutats-habitatges-i-com-controlar-lo\/\" \/>\n<meta property=\"og:site_name\" content=\"Macustica\" \/>\n<meta property=\"article:publisher\" content=\"https:\/\/www.facebook.com\/macusticaingenieria\/?ref=bookmarks\" \/>\n<meta property=\"article:published_time\" content=\"2023-01-16T09:10:46+00:00\" \/>\n<meta property=\"article:modified_time\" content=\"2024-01-18T11:58:14+00:00\" \/>\n<meta property=\"og:image\" content=\"https:\/\/macustica.com\/wp-content\/uploads\/2023\/01\/Evita-el-ruido-ambiental.jpg\" \/>\n\t<meta property=\"og:image:width\" content=\"414\" \/>\n\t<meta property=\"og:image:height\" content=\"310\" \/>\n\t<meta property=\"og:image:type\" content=\"image\/jpeg\" \/>\n<meta name=\"author\" content=\"Macustica\" \/>\n<meta name=\"twitter:card\" content=\"summary_large_image\" \/>\n<meta name=\"twitter:creator\" content=\"@m_acustica\" \/>\n<meta name=\"twitter:site\" content=\"@m_acustica\" \/>\n<meta name=\"twitter:label1\" content=\"Escrit per\" \/>\n\t<meta name=\"twitter:data1\" content=\"Macustica\" \/>\n\t<meta name=\"twitter:label2\" content=\"Temps estimat de lectura\" \/>\n\t<meta name=\"twitter:data2\" content=\"3 minuts\" \/>\n<script type=\"application\/ld+json\" class=\"yoast-schema-graph\">{\"@context\":\"https:\/\/schema.org\",\"@graph\":[{\"@type\":\"Article\",\"@id\":\"https:\/\/macustica.com\/ca\/el-soroll-ambiental-a-les-ciutats-habitatges-i-com-controlar-lo\/#article\",\"isPartOf\":{\"@id\":\"https:\/\/macustica.com\/ca\/el-soroll-ambiental-a-les-ciutats-habitatges-i-com-controlar-lo\/\"},\"author\":{\"name\":\"Macustica\",\"@id\":\"https:\/\/macustica.com\/ca\/#\/schema\/person\/1b727b2f27c62ab8c2bf3d3eb99c2d48\"},\"headline\":\"El soroll ambiental a les ciutats, habitatges i com controlar-lo\",\"datePublished\":\"2023-01-16T09:10:46+00:00\",\"dateModified\":\"2024-01-18T11:58:14+00:00\",\"mainEntityOfPage\":{\"@id\":\"https:\/\/macustica.com\/ca\/el-soroll-ambiental-a-les-ciutats-habitatges-i-com-controlar-lo\/\"},\"wordCount\":581,\"commentCount\":0,\"publisher\":{\"@id\":\"https:\/\/macustica.com\/ca\/#organization\"},\"image\":{\"@id\":\"https:\/\/macustica.com\/ca\/el-soroll-ambiental-a-les-ciutats-habitatges-i-com-controlar-lo\/#primaryimage\"},\"thumbnailUrl\":\"https:\/\/macustica.com\/wp-content\/uploads\/2023\/01\/Evita-el-ruido-ambiental.jpg\",\"keywords\":[\"#condicionament ac\u00fastic\",\"#macustica\",\"#macusticaingenieria\",\"Acusticca\"],\"articleSection\":[\"Condicionament\"],\"inLanguage\":\"ca\",\"potentialAction\":[{\"@type\":\"CommentAction\",\"name\":\"Comment\",\"target\":[\"https:\/\/macustica.com\/ca\/el-soroll-ambiental-a-les-ciutats-habitatges-i-com-controlar-lo\/#respond\"]}]},{\"@type\":\"WebPage\",\"@id\":\"https:\/\/macustica.com\/ca\/el-soroll-ambiental-a-les-ciutats-habitatges-i-com-controlar-lo\/\",\"url\":\"https:\/\/macustica.com\/ca\/el-soroll-ambiental-a-les-ciutats-habitatges-i-com-controlar-lo\/\",\"name\":\"El soroll ambiental a les ciutats, habitatges i com controlar-lo - Macustica\",\"isPartOf\":{\"@id\":\"https:\/\/macustica.com\/ca\/#website\"},\"primaryImageOfPage\":{\"@id\":\"https:\/\/macustica.com\/ca\/el-soroll-ambiental-a-les-ciutats-habitatges-i-com-controlar-lo\/#primaryimage\"},\"image\":{\"@id\":\"https:\/\/macustica.com\/ca\/el-soroll-ambiental-a-les-ciutats-habitatges-i-com-controlar-lo\/#primaryimage\"},\"thumbnailUrl\":\"https:\/\/macustica.com\/wp-content\/uploads\/2023\/01\/Evita-el-ruido-ambiental.jpg\",\"datePublished\":\"2023-01-16T09:10:46+00:00\",\"dateModified\":\"2024-01-18T11:58:14+00:00\",\"breadcrumb\":{\"@id\":\"https:\/\/macustica.com\/ca\/el-soroll-ambiental-a-les-ciutats-habitatges-i-com-controlar-lo\/#breadcrumb\"},\"inLanguage\":\"ca\",\"potentialAction\":[{\"@type\":\"ReadAction\",\"target\":[\"https:\/\/macustica.com\/ca\/el-soroll-ambiental-a-les-ciutats-habitatges-i-com-controlar-lo\/\"]}]},{\"@type\":\"ImageObject\",\"inLanguage\":\"ca\",\"@id\":\"https:\/\/macustica.com\/ca\/el-soroll-ambiental-a-les-ciutats-habitatges-i-com-controlar-lo\/#primaryimage\",\"url\":\"https:\/\/macustica.com\/wp-content\/uploads\/2023\/01\/Evita-el-ruido-ambiental.jpg\",\"contentUrl\":\"https:\/\/macustica.com\/wp-content\/uploads\/2023\/01\/Evita-el-ruido-ambiental.jpg\",\"width\":414,\"height\":310},{\"@type\":\"BreadcrumbList\",\"@id\":\"https:\/\/macustica.com\/ca\/el-soroll-ambiental-a-les-ciutats-habitatges-i-com-controlar-lo\/#breadcrumb\",\"itemListElement\":[{\"@type\":\"ListItem\",\"position\":1,\"name\":\"Portada\",\"item\":\"https:\/\/macustica.com\/ca\/inici\/\"},{\"@type\":\"ListItem\",\"position\":2,\"name\":\"El soroll ambiental a les ciutats, habitatges i com controlar-lo\"}]},{\"@type\":\"WebSite\",\"@id\":\"https:\/\/macustica.com\/ca\/#website\",\"url\":\"https:\/\/macustica.com\/ca\/\",\"name\":\"Macustica\",\"description\":\"\",\"publisher\":{\"@id\":\"https:\/\/macustica.com\/ca\/#organization\"},\"potentialAction\":[{\"@type\":\"SearchAction\",\"target\":{\"@type\":\"EntryPoint\",\"urlTemplate\":\"https:\/\/macustica.com\/ca\/?s={search_term_string}\"},\"query-input\":{\"@type\":\"PropertyValueSpecification\",\"valueRequired\":true,\"valueName\":\"search_term_string\"}}],\"inLanguage\":\"ca\"},{\"@type\":\"Organization\",\"@id\":\"https:\/\/macustica.com\/ca\/#organization\",\"name\":\"Mac\u00fastica\",\"alternateName\":\"Mac\u00fastica\",\"url\":\"https:\/\/macustica.com\/ca\/\",\"logo\":{\"@type\":\"ImageObject\",\"inLanguage\":\"ca\",\"@id\":\"https:\/\/macustica.com\/ca\/#\/schema\/logo\/image\/\",\"url\":\"https:\/\/macustica.com\/wp-content\/uploads\/2023\/03\/logo-macustica.png\",\"contentUrl\":\"https:\/\/macustica.com\/wp-content\/uploads\/2023\/03\/logo-macustica.png\",\"width\":300,\"height\":85,\"caption\":\"Mac\u00fastica\"},\"image\":{\"@id\":\"https:\/\/macustica.com\/ca\/#\/schema\/logo\/image\/\"},\"sameAs\":[\"https:\/\/www.facebook.com\/macusticaingenieria\/?ref=bookmarks\",\"https:\/\/x.com\/m_acustica\",\"https:\/\/www.instagram.com\/macustica\/\",\"https:\/\/www.linkedin.com\/company\/15081962?trk=tyah&trkInfo=clickedVerticalcompanyclickedEntityId15081962idx1-1-1tarId1472140082122tasmacustica\"]},{\"@type\":\"Person\",\"@id\":\"https:\/\/macustica.com\/ca\/#\/schema\/person\/1b727b2f27c62ab8c2bf3d3eb99c2d48\",\"name\":\"Macustica\",\"image\":{\"@type\":\"ImageObject\",\"inLanguage\":\"ca\",\"@id\":\"https:\/\/macustica.com\/ca\/#\/schema\/person\/image\/\",\"url\":\"https:\/\/secure.gravatar.com\/avatar\/66a697ef76d4b39944b7141d440b2bb3803a894870f6e12cc93dfdf304fd975d?s=96&d=mm&r=g\",\"contentUrl\":\"https:\/\/secure.gravatar.com\/avatar\/66a697ef76d4b39944b7141d440b2bb3803a894870f6e12cc93dfdf304fd975d?s=96&d=mm&r=g\",\"caption\":\"Macustica\"}}]}<\/script>\n<!-- \/ Yoast SEO plugin. -->","yoast_head_json":{"title":"El soroll ambiental a les ciutats, habitatges i com controlar-lo - Macustica","robots":{"index":"index","follow":"follow","max-snippet":"max-snippet:-1","max-image-preview":"max-image-preview:large","max-video-preview":"max-video-preview:-1"},"canonical":"https:\/\/macustica.com\/ca\/el-soroll-ambiental-a-les-ciutats-habitatges-i-com-controlar-lo\/","og_locale":"ca_ES","og_type":"article","og_title":"El soroll ambiental a les ciutats, habitatges i com controlar-lo - Macustica","og_description":"Quan parlem de soroll ambiental, ens referim a l&#8217;exc\u00e9s de so que altera les condicions normals a l&#8217;ambient d&#8217;una \u00e0rea determinada. La contaminaci\u00f3 ac\u00fastica a les ciutats \u00e9s de les preocupacions m\u00e9s grans de salubritat que tenen les autoritats. Les condicions socials existents s\u00f3n les que n&#8217;afavoreixen l&#8217;aparici\u00f3, ja que els or\u00edgens d&#8217;aquests sons tan [&hellip;]","og_url":"https:\/\/macustica.com\/ca\/el-soroll-ambiental-a-les-ciutats-habitatges-i-com-controlar-lo\/","og_site_name":"Macustica","article_publisher":"https:\/\/www.facebook.com\/macusticaingenieria\/?ref=bookmarks","article_published_time":"2023-01-16T09:10:46+00:00","article_modified_time":"2024-01-18T11:58:14+00:00","og_image":[{"width":414,"height":310,"url":"https:\/\/macustica.com\/wp-content\/uploads\/2023\/01\/Evita-el-ruido-ambiental.jpg","type":"image\/jpeg"}],"author":"Macustica","twitter_card":"summary_large_image","twitter_creator":"@m_acustica","twitter_site":"@m_acustica","twitter_misc":{"Escrit per":"Macustica","Temps estimat de lectura":"3 minuts"},"schema":{"@context":"https:\/\/schema.org","@graph":[{"@type":"Article","@id":"https:\/\/macustica.com\/ca\/el-soroll-ambiental-a-les-ciutats-habitatges-i-com-controlar-lo\/#article","isPartOf":{"@id":"https:\/\/macustica.com\/ca\/el-soroll-ambiental-a-les-ciutats-habitatges-i-com-controlar-lo\/"},"author":{"name":"Macustica","@id":"https:\/\/macustica.com\/ca\/#\/schema\/person\/1b727b2f27c62ab8c2bf3d3eb99c2d48"},"headline":"El soroll ambiental a les ciutats, habitatges i com controlar-lo","datePublished":"2023-01-16T09:10:46+00:00","dateModified":"2024-01-18T11:58:14+00:00","mainEntityOfPage":{"@id":"https:\/\/macustica.com\/ca\/el-soroll-ambiental-a-les-ciutats-habitatges-i-com-controlar-lo\/"},"wordCount":581,"commentCount":0,"publisher":{"@id":"https:\/\/macustica.com\/ca\/#organization"},"image":{"@id":"https:\/\/macustica.com\/ca\/el-soroll-ambiental-a-les-ciutats-habitatges-i-com-controlar-lo\/#primaryimage"},"thumbnailUrl":"https:\/\/macustica.com\/wp-content\/uploads\/2023\/01\/Evita-el-ruido-ambiental.jpg","keywords":["#condicionament ac\u00fastic","#macustica","#macusticaingenieria","Acusticca"],"articleSection":["Condicionament"],"inLanguage":"ca","potentialAction":[{"@type":"CommentAction","name":"Comment","target":["https:\/\/macustica.com\/ca\/el-soroll-ambiental-a-les-ciutats-habitatges-i-com-controlar-lo\/#respond"]}]},{"@type":"WebPage","@id":"https:\/\/macustica.com\/ca\/el-soroll-ambiental-a-les-ciutats-habitatges-i-com-controlar-lo\/","url":"https:\/\/macustica.com\/ca\/el-soroll-ambiental-a-les-ciutats-habitatges-i-com-controlar-lo\/","name":"El soroll ambiental a les ciutats, habitatges i com controlar-lo - Macustica","isPartOf":{"@id":"https:\/\/macustica.com\/ca\/#website"},"primaryImageOfPage":{"@id":"https:\/\/macustica.com\/ca\/el-soroll-ambiental-a-les-ciutats-habitatges-i-com-controlar-lo\/#primaryimage"},"image":{"@id":"https:\/\/macustica.com\/ca\/el-soroll-ambiental-a-les-ciutats-habitatges-i-com-controlar-lo\/#primaryimage"},"thumbnailUrl":"https:\/\/macustica.com\/wp-content\/uploads\/2023\/01\/Evita-el-ruido-ambiental.jpg","datePublished":"2023-01-16T09:10:46+00:00","dateModified":"2024-01-18T11:58:14+00:00","breadcrumb":{"@id":"https:\/\/macustica.com\/ca\/el-soroll-ambiental-a-les-ciutats-habitatges-i-com-controlar-lo\/#breadcrumb"},"inLanguage":"ca","potentialAction":[{"@type":"ReadAction","target":["https:\/\/macustica.com\/ca\/el-soroll-ambiental-a-les-ciutats-habitatges-i-com-controlar-lo\/"]}]},{"@type":"ImageObject","inLanguage":"ca","@id":"https:\/\/macustica.com\/ca\/el-soroll-ambiental-a-les-ciutats-habitatges-i-com-controlar-lo\/#primaryimage","url":"https:\/\/macustica.com\/wp-content\/uploads\/2023\/01\/Evita-el-ruido-ambiental.jpg","contentUrl":"https:\/\/macustica.com\/wp-content\/uploads\/2023\/01\/Evita-el-ruido-ambiental.jpg","width":414,"height":310},{"@type":"BreadcrumbList","@id":"https:\/\/macustica.com\/ca\/el-soroll-ambiental-a-les-ciutats-habitatges-i-com-controlar-lo\/#breadcrumb","itemListElement":[{"@type":"ListItem","position":1,"name":"Portada","item":"https:\/\/macustica.com\/ca\/inici\/"},{"@type":"ListItem","position":2,"name":"El soroll ambiental a les ciutats, habitatges i com controlar-lo"}]},{"@type":"WebSite","@id":"https:\/\/macustica.com\/ca\/#website","url":"https:\/\/macustica.com\/ca\/","name":"Macustica","description":"","publisher":{"@id":"https:\/\/macustica.com\/ca\/#organization"},"potentialAction":[{"@type":"SearchAction","target":{"@type":"EntryPoint","urlTemplate":"https:\/\/macustica.com\/ca\/?s={search_term_string}"},"query-input":{"@type":"PropertyValueSpecification","valueRequired":true,"valueName":"search_term_string"}}],"inLanguage":"ca"},{"@type":"Organization","@id":"https:\/\/macustica.com\/ca\/#organization","name":"Mac\u00fastica","alternateName":"Mac\u00fastica","url":"https:\/\/macustica.com\/ca\/","logo":{"@type":"ImageObject","inLanguage":"ca","@id":"https:\/\/macustica.com\/ca\/#\/schema\/logo\/image\/","url":"https:\/\/macustica.com\/wp-content\/uploads\/2023\/03\/logo-macustica.png","contentUrl":"https:\/\/macustica.com\/wp-content\/uploads\/2023\/03\/logo-macustica.png","width":300,"height":85,"caption":"Mac\u00fastica"},"image":{"@id":"https:\/\/macustica.com\/ca\/#\/schema\/logo\/image\/"},"sameAs":["https:\/\/www.facebook.com\/macusticaingenieria\/?ref=bookmarks","https:\/\/x.com\/m_acustica","https:\/\/www.instagram.com\/macustica\/","https:\/\/www.linkedin.com\/company\/15081962?trk=tyah&trkInfo=clickedVerticalcompanyclickedEntityId15081962idx1-1-1tarId1472140082122tasmacustica"]},{"@type":"Person","@id":"https:\/\/macustica.com\/ca\/#\/schema\/person\/1b727b2f27c62ab8c2bf3d3eb99c2d48","name":"Macustica","image":{"@type":"ImageObject","inLanguage":"ca","@id":"https:\/\/macustica.com\/ca\/#\/schema\/person\/image\/","url":"https:\/\/secure.gravatar.com\/avatar\/66a697ef76d4b39944b7141d440b2bb3803a894870f6e12cc93dfdf304fd975d?s=96&d=mm&r=g","contentUrl":"https:\/\/secure.gravatar.com\/avatar\/66a697ef76d4b39944b7141d440b2bb3803a894870f6e12cc93dfdf304fd975d?s=96&d=mm&r=g","caption":"Macustica"}}]}},"_links":{"self":[{"href":"https:\/\/macustica.com\/ca\/wp-json\/wp\/v2\/posts\/4134","targetHints":{"allow":["GET"]}}],"collection":[{"href":"https:\/\/macustica.com\/ca\/wp-json\/wp\/v2\/posts"}],"about":[{"href":"https:\/\/macustica.com\/ca\/wp-json\/wp\/v2\/types\/post"}],"author":[{"embeddable":true,"href":"https:\/\/macustica.com\/ca\/wp-json\/wp\/v2\/users\/2"}],"replies":[{"embeddable":true,"href":"https:\/\/macustica.com\/ca\/wp-json\/wp\/v2\/comments?post=4134"}],"version-history":[{"count":1,"href":"https:\/\/macustica.com\/ca\/wp-json\/wp\/v2\/posts\/4134\/revisions"}],"predecessor-version":[{"id":4139,"href":"https:\/\/macustica.com\/ca\/wp-json\/wp\/v2\/posts\/4134\/revisions\/4139"}],"wp:featuredmedia":[{"embeddable":true,"href":"https:\/\/macustica.com\/ca\/wp-json\/wp\/v2\/media\/4135"}],"wp:attachment":[{"href":"https:\/\/macustica.com\/ca\/wp-json\/wp\/v2\/media?parent=4134"}],"wp:term":[{"taxonomy":"category","embeddable":true,"href":"https:\/\/macustica.com\/ca\/wp-json\/wp\/v2\/categories?post=4134"},{"taxonomy":"post_tag","embeddable":true,"href":"https:\/\/macustica.com\/ca\/wp-json\/wp\/v2\/tags?post=4134"}],"curies":[{"name":"wp","href":"https:\/\/api.w.org\/{rel}","templated":true}]}}